{"id":9343,"date":"2023-09-15T12:08:13","date_gmt":"2023-09-15T09:08:13","guid":{"rendered":"https:\/\/www.urfabugun.com\/?p=9343"},"modified":"2023-09-15T12:09:32","modified_gmt":"2023-09-15T09:09:32","slug":"10-mactir-yenilmeyen-sanliurfasporda-hedef-super-lig","status":"publish","type":"post","link":"https:\/\/www.urfabugun.com\/index.php\/2023\/09\/15\/10-mactir-yenilmeyen-sanliurfasporda-hedef-super-lig\/","title":{"rendered":"10 Ma\u00e7t\u0131r Yenilmeyen \u015eanl\u0131urfaspor&#8217;da Hedef S\u00fcper Lig!"},"content":{"rendered":"\n<p><\/p>\n\n\n\n<p><\/p>\n\n\n\n<p>\u015eanl\u0131urfaspor Kul\u00fcb\u00fc Ba\u015fkan\u0131 Ha\u00e7\u0131m \u0130zol:&#8221;Bu sezon amac\u0131m\u0131z \u00f6nce ligde kal\u0131c\u0131 olmak arkas\u0131ndan play-off&#8217;u kovalamak. El ele hep beraber S\u00fcper Lig&#8217;e gidebilmek i\u00e7in de elimizden gelen b\u00fct\u00fcn m\u00fccadeleyi g\u00f6sterece\u011fiz&#8221;<\/p>\n\n\n\n<p>Trendyol 1. Lig&#8217;in yeni ekiplerinden ASTOR Enerji \u015eanl\u0131urfaspor, 10 ma\u00e7l\u0131k yenilmezlik serisini devam ettirerek S\u00fcper Lig&#8217;e \u00e7\u0131kmak istiyor.<\/p>\n\n\n\n<p>Geride kalan sezondan bu yana oynad\u0131\u011f\u0131 son 10 ma\u00e7ta 8 galibiyet, 2 beraberlik alan \u015eanl\u0131urfaspor, rakip fileleri 22 kez havaland\u0131r\u0131rken kalesinde ise 8 gol g\u00f6rd\u00fc.<\/p>\n\n\n\n<p>Bu sezon m\u00fccadele etti\u011fi Trendyol 1. Lig&#8217;de 4 ma\u00e7ta 2 galibiyet, 2 beraberlik elde eden sar\u0131-ye\u015filli ekip, toplad\u0131\u011f\u0131 8 puanla 5. haftaya 5. s\u0131rada girdi.<\/p>\n\n\n\n<p><strong>&#8220;S\u00dcPER L\u0130G \u0130\u00c7\u0130N EL\u0130M\u0130ZDEN GELEN\u0130 YAPACA\u011eIZ&#8221;<\/strong><\/p>\n\n\n\n<p>\u015eanl\u0131urfaspor Kul\u00fcb\u00fc Ba\u015fkan\u0131 Ha\u00e7\u0131m \u0130zol, y\u0131llar sonra tak\u0131m\u0131n \u015fampiyonluk sevinci ya\u015fayarak bu sezon Trendyol 1. Lig&#8217;de m\u00fccadele etme hakk\u0131 kazand\u0131\u011f\u0131n\u0131 hat\u0131rlatt\u0131.<\/p>\n\n\n\n<p>Bu sezona da iyi ba\u015flad\u0131klar\u0131n\u0131 vurgulayan \u0130zol, yapt\u0131klar\u0131 nokta transferlerle tak\u0131m\u0131n eksikliklerini gidermeye \u00e7al\u0131\u015ft\u0131klar\u0131n\u0131 dile getirdi.<\/p>\n\n\n\n<p>G\u00fczel ba\u015flad\u0131klar\u0131 ligi g\u00fczel bitirmek istediklerini aktaran \u0130zol, &#8220;Umar\u0131m \u00e7ok g\u00fczel bir sezon ge\u00e7iririz. D\u00f6rt ma\u00e7t\u0131r da yenilmezlik serimiz devam ediyor. \u0130\u00e7eride ve d\u0131\u015far\u0131da birer galibiyet, d\u0131\u015far\u0131da ve i\u00e7eride birer beraberlik ald\u0131k. Bu sezon amac\u0131m\u0131z \u00f6nce ligde kal\u0131c\u0131 olmak arkas\u0131ndan play-off&#8217;u kovalamak. El ele hep beraber S\u00fcper Lig&#8217;e gidebilmek i\u00e7in de elimizden gelen b\u00fct\u00fcn m\u00fccadeleyi g\u00f6sterece\u011fiz.&#8221; diye konu\u015ftu.<\/p>\n","protected":false},"excerpt":{"rendered":"<p>\u015eanl\u0131urfaspor Kul\u00fcb\u00fc Ba\u015fkan\u0131 Ha\u00e7\u0131m \u0130zol:&#8221;Bu sezon amac\u0131m\u0131z \u00f6nce ligde kal\u0131c\u0131 olmak arkas\u0131ndan play-off&#8217;u kovalamak. El ele&#46;&#46;&#46;<\/p>\n","protected":false},"author":2,"featured_media":9345,"comment_status":"open","ping_status":"open","sticky":false,"template":"","format":"standard","meta":{"inline_featured_image":false,"footnotes":""},"categories":[88],"tags":[2808,2246,270,131,107],"manset":[],"class_list":["post-9343","post","type-post","status-publish","format-standard","has-post-thumbnail","hentry","category-spor-haberleri","tag-10-mactir-yenilmeyen-sanliurfasporda-hedef-super-lig","tag-hasim-izol","tag-sanliurfaspor","tag-son-dakika","tag-ub"],"_links":{"self":[{"href":"https:\/\/www.urfabugun.com\/index.php\/wp-json\/wp\/v2\/posts\/9343","targetHints":{"allow":["GET"]}}],"collection":[{"href":"https:\/\/www.urfabugun.com\/index.php\/wp-json\/wp\/v2\/posts"}],"about":[{"href":"https:\/\/www.urfabugun.com\/index.php\/wp-json\/wp\/v2\/types\/post"}],"author":[{"embeddable":true,"href":"https:\/\/www.urfabugun.com\/index.php\/wp-json\/wp\/v2\/users\/2"}],"replies":[{"embeddable":true,"href":"https:\/\/www.urfabugun.com\/index.php\/wp-json\/wp\/v2\/comments?post=9343"}],"version-history":[{"count":0,"href":"https:\/\/www.urfabugun.com\/index.php\/wp-json\/wp\/v2\/posts\/9343\/revisions"}],"wp:featuredmedia":[{"embeddable":true,"href":"https:\/\/www.urfabugun.com\/index.php\/wp-json\/wp\/v2\/media\/9345"}],"wp:attachment":[{"href":"https:\/\/www.urfabugun.com\/index.php\/wp-json\/wp\/v2\/media?parent=9343"}],"wp:term":[{"taxonomy":"category","embeddable":true,"href":"https:\/\/www.urfabugun.com\/index.php\/wp-json\/wp\/v2\/categories?post=9343"},{"taxonomy":"post_tag","embeddable":true,"href":"https:\/\/www.urfabugun.com\/index.php\/wp-json\/wp\/v2\/tags?post=9343"},{"taxonomy":"manset","embeddable":true,"href":"https:\/\/www.urfabugun.com\/index.php\/wp-json\/wp\/v2\/manset?post=9343"}],"curies":[{"name":"wp","href":"https:\/\/api.w.org\/{rel}","templated":true}]}}