{"id":9433,"date":"2023-09-22T08:26:30","date_gmt":"2023-09-22T05:26:30","guid":{"rendered":"https:\/\/www.urfabugun.com\/?p=9433"},"modified":"2023-09-22T08:26:36","modified_gmt":"2023-09-22T05:26:36","slug":"sanliurfaspor-kocaelispor-macinin-hazirliklarini-surdurdu","status":"publish","type":"post","link":"https:\/\/www.urfabugun.com\/index.php\/2023\/09\/22\/sanliurfaspor-kocaelispor-macinin-hazirliklarini-surdurdu\/","title":{"rendered":"\u015eanl\u0131urfaspor, Kocaelispor Ma\u00e7\u0131n\u0131n Haz\u0131rl\u0131klar\u0131n\u0131 S\u00fcrd\u00fcrd\u00fc!"},"content":{"rendered":"\n<p><\/p>\n\n\n\n<p><strong>ASTOR Enerji \u015eanl\u0131urfaspor, Trendyol 1. Lig&#8217;in 6. haftas\u0131nda 24 Eyl\u00fcl Pazar g\u00fcn\u00fc Kocaelispor ile yapaca\u011f\u0131 ma\u00e7\u0131n haz\u0131rl\u0131klar\u0131n\u0131 s\u00fcrd\u00fcrd\u00fc.<\/strong><\/p>\n\n\n\n<p>Kul\u00fcpten yap\u0131lan a\u00e7\u0131klamaya g\u00f6re, ma\u00e7\u0131n oynanaca\u011f\u0131 11 Nisan Stadyumu&#8217;ndaki antrenman, teknik direkt\u00f6r Zafer Turan y\u00f6netiminde ger\u00e7ekle\u015ftirildi.<\/p>\n\n\n\n<figure class=\"wp-block-image size-large\"><img loading=\"lazy\" decoding=\"async\" width=\"1024\" height=\"682\" src=\"https:\/\/www.urfabugun.com\/wp-content\/uploads\/2023\/09\/AA-20230921-32211215-32211213-ASTOR_ENERJI_SANLIURFASPOR_KOCAELISPOR_MACININ_HAZIRLIKLARINI_SURDURDU-1024x682.jpg\" alt=\"\" class=\"wp-image-9436\"\/><figcaption class=\"wp-element-caption\">ASTOR Enerji \u015eanl\u0131urfaspor, Trendyol 1. Lig&#8217;in 6. haftas\u0131nda 24 Eyl\u00fcl Pazar g\u00fcn\u00fc Kocaelispor ile yapaca\u011f\u0131 ma\u00e7\u0131n haz\u0131rl\u0131klar\u0131n\u0131 s\u00fcrd\u00fcrd\u00fc. ( \u015eanl\u0131urfaspor &#8211; Anadolu Ajans\u0131 )<\/figcaption><\/figure>\n\n\n\n<p>Is\u0131nma hareketleriyle ba\u015flayan antrenman, 5&#8217;e 2 top kapma ve taktik \u00e7al\u0131\u015fmayla tamamland\u0131.<\/p>\n","protected":false},"excerpt":{"rendered":"<p>ASTOR Enerji \u015eanl\u0131urfaspor, Trendyol 1. Lig&#8217;in 6. haftas\u0131nda 24 Eyl\u00fcl Pazar g\u00fcn\u00fc Kocaelispor ile yapaca\u011f\u0131 ma\u00e7\u0131n&#46;&#46;&#46;<\/p>\n","protected":false},"author":2,"featured_media":9435,"comment_status":"open","ping_status":"open","sticky":false,"template":"","format":"standard","meta":{"inline_featured_image":false,"footnotes":""},"categories":[88],"tags":[270,131,121,107,122],"manset":[],"class_list":["post-9433","post","type-post","status-publish","format-standard","has-post-thumbnail","hentry","category-spor-haberleri","tag-sanliurfaspor","tag-son-dakika","tag-spor","tag-ub","tag-urfaspor"],"_links":{"self":[{"href":"https:\/\/www.urfabugun.com\/index.php\/wp-json\/wp\/v2\/posts\/9433","targetHints":{"allow":["GET"]}}],"collection":[{"href":"https:\/\/www.urfabugun.com\/index.php\/wp-json\/wp\/v2\/posts"}],"about":[{"href":"https:\/\/www.urfabugun.com\/index.php\/wp-json\/wp\/v2\/types\/post"}],"author":[{"embeddable":true,"href":"https:\/\/www.urfabugun.com\/index.php\/wp-json\/wp\/v2\/users\/2"}],"replies":[{"embeddable":true,"href":"https:\/\/www.urfabugun.com\/index.php\/wp-json\/wp\/v2\/comments?post=9433"}],"version-history":[{"count":0,"href":"https:\/\/www.urfabugun.com\/index.php\/wp-json\/wp\/v2\/posts\/9433\/revisions"}],"wp:featuredmedia":[{"embeddable":true,"href":"https:\/\/www.urfabugun.com\/index.php\/wp-json\/wp\/v2\/media\/9435"}],"wp:attachment":[{"href":"https:\/\/www.urfabugun.com\/index.php\/wp-json\/wp\/v2\/media?parent=9433"}],"wp:term":[{"taxonomy":"category","embeddable":true,"href":"https:\/\/www.urfabugun.com\/index.php\/wp-json\/wp\/v2\/categories?post=9433"},{"taxonomy":"post_tag","embeddable":true,"href":"https:\/\/www.urfabugun.com\/index.php\/wp-json\/wp\/v2\/tags?post=9433"},{"taxonomy":"manset","embeddable":true,"href":"https:\/\/www.urfabugun.com\/index.php\/wp-json\/wp\/v2\/manset?post=9433"}],"curies":[{"name":"wp","href":"https:\/\/api.w.org\/{rel}","templated":true}]}}