{"id":9442,"date":"2023-09-22T08:48:56","date_gmt":"2023-09-22T05:48:56","guid":{"rendered":"https:\/\/www.urfabugun.com\/?p=9442"},"modified":"2023-09-22T08:49:02","modified_gmt":"2023-09-22T05:49:02","slug":"erdogan-milyonlarca-emeklinin-bekledigi-aciklamayi-abdde-yapti","status":"publish","type":"post","link":"https:\/\/www.urfabugun.com\/index.php\/2023\/09\/22\/erdogan-milyonlarca-emeklinin-bekledigi-aciklamayi-abdde-yapti\/","title":{"rendered":"Erdo\u011fan Milyonlarca Emeklinin Bekledi\u011fi A\u00e7\u0131klamay\u0131 ABD\u2019de Yapt\u0131!"},"content":{"rendered":"\n<p><\/p>\n\n\n\n<p><strong>ABD ziyaretinde T\u00fcrkevi&#8217;nde gazetecilerin sorular\u0131n\u0131 yan\u0131tlayan Cumhurba\u015fkan\u0131 Erdo\u011fan, emekli maa\u015flar\u0131ndaki zamla ilgili konu\u015ftu. Cumhurba\u015fkan\u0131 Erdo\u011fan, &#8220;Emekliye zamda 2024&#8217;e karar\u0131n\u0131 vererek girece\u011fiz, fazla uzamaz bakanlar\u0131m\u0131z \u00e7al\u0131\u015f\u0131yor&#8221; ifadelerini kulland\u0131.<\/strong><\/p>\n\n\n\n<p><strong>CUMHURBA\u015eKANI ERDO\u011eAN&#8217;DAN &#8220;EMEKL\u0130 MAA\u015eI&#8221; A\u00c7IKLAMASI<\/strong><\/p>\n\n\n\n<p>BM Genel Kurulu i\u00e7in ABD&#8217;nin New York \u015fehrinde olan Cumhurba\u015fkan\u0131 Recep Tayyip Erdo\u011fan, T\u00fcrkevi&#8217;nde gazetecilerin sorular\u0131n\u0131 yan\u0131tlad\u0131. G\u00fcndeme ili\u015fkin a\u00e7\u0131klamalarda bulunan Cumhurba\u015fkan\u0131 Erdo\u011fan, emekli maa\u015flar\u0131 ile ilgili konu\u015ftu.<\/p>\n\n\n\n<p><strong>&#8220;2024&#8217;E BUNUN KARARLARINI VERM\u0130\u015e OLARAK G\u0130RER\u0130Z&#8221;<\/strong><\/p>\n\n\n\n<p>Cumhurba\u015fkan\u0131 Erdo\u011fan \u015funlar\u0131 s\u00f6yledi: &#8220;Emeklilerin durumuyla ilgili birtak\u0131m d\u00fczenlemeler yap\u0131laca\u011f\u0131 \u00c7al\u0131\u015fma Bakanl\u0131\u011f\u0131 taraf\u0131ndan s\u0131k s\u0131k dile getiriliyor. Ancak zamanlamas\u0131 konusunda hi\u00e7bir a\u00e7\u0131klama olmuyor. Yo\u011fun bir \u00e7al\u0131\u015fma var. Bunu g\u00f6r\u00fcyoruz, biliyoruz.<\/p>\n\n\n\n<p>Bu d\u00fczenlemeler, d\u00fczeltmeler ne zaman sonu\u00e7lan\u0131r? O konuda s\u00f6yleyeceklerinizi \u00e7ok \u00f6nemsiyoruz.&#8221; sorusuna \u015fu yan\u0131t\u0131 verdi: &#8220;Fazla uzamaz. Yani en k\u0131sa zamanda. \u0130lgili bakan\u0131m zaten \u00e7al\u0131\u015fmalar\u0131n\u0131 s\u00fcrd\u00fcr\u00fcyor. D\u00f6n\u00fc\u015fte zaten bir araya gelip, &#8216;Ne durumdas\u0131n, ne yapt\u0131n, ne yap\u0131yorsun?&#8217; kendisinden bunun bilgilerini de alaca\u011f\u0131z. Ama 2024&#8217;e in\u015fallah bunun kararlar\u0131n\u0131 vermi\u015f olarak gireriz.<\/p>\n\n\n\n<p><strong>&#8220;EMEKL\u0130LER\u0130M\u0130Z\u0130N SIKINTILARINI B\u0130L\u0130YORUZ&#8221;<\/strong><\/p>\n\n\n\n<p>Biz ekonominin kronik problemlerini \u00e7\u00f6zerken i\u015f\u00e7ilerimizin, memurlar\u0131m\u0131z\u0131n yan\u0131 s\u0131ra emeklilerimizi de enflasyona ezdirmemek i\u00e7in \u00e7abal\u0131yoruz. Bu konuda att\u0131\u011f\u0131m\u0131z ad\u0131mlar mevcut. Emeklilerimizin s\u0131k\u0131nt\u0131lar\u0131n\u0131 da biliyoruz. Toplumun t\u00fcm kesimlerine y\u00f6nelik ad\u0131mlar att\u0131\u011f\u0131m\u0131z gibi onlar\u0131n da ya\u015fam ko\u015fullar\u0131n\u0131 iyile\u015ftirici ad\u0131mlar ataca\u011f\u0131z.<\/p>\n\n\n\n<p>Uygulad\u0131\u011f\u0131m\u0131z Orta Vadeli Program\u0131n ba\u015far\u0131ya ula\u015fmas\u0131yla birlikte olu\u015facak refah art\u0131\u015f\u0131nda toplumun t\u00fcm kesimleri gibi tabii ki emeklilerimiz de pay\u0131n\u0131 alacakt\u0131r. Bug\u00fcne kadar oldu\u011fu gibi bundan sonra da emeklilerimizin hak ettikleri refah d\u00fczeyine ula\u015fmalar\u0131 i\u00e7in gayret g\u00f6sterece\u011fiz.&#8221;<\/p>\n","protected":false},"excerpt":{"rendered":"<p>ABD ziyaretinde T\u00fcrkevi&#8217;nde gazetecilerin sorular\u0131n\u0131 yan\u0131tlayan Cumhurba\u015fkan\u0131 Erdo\u011fan, emekli maa\u015flar\u0131ndaki zamla ilgili konu\u015ftu. Cumhurba\u015fkan\u0131 Erdo\u011fan, &#8220;Emekliye&#46;&#46;&#46;<\/p>\n","protected":false},"author":2,"featured_media":9444,"comment_status":"open","ping_status":"open","sticky":false,"template":"","format":"standard","meta":{"inline_featured_image":false,"footnotes":""},"categories":[80,82],"tags":[1013,237,2834,131,107],"manset":[],"class_list":["post-9442","post","type-post","status-publish","format-standard","has-post-thumbnail","hentry","category-ekonomi-haberleri","category-gundem-haberleri","tag-emekli","tag-erdogan","tag-erdogan-milyonlarca-emeklinin-bekledigi-aciklamayi-abdde-yapti","tag-son-dakika","tag-ub"],"_links":{"self":[{"href":"https:\/\/www.urfabugun.com\/index.php\/wp-json\/wp\/v2\/posts\/9442","targetHints":{"allow":["GET"]}}],"collection":[{"href":"https:\/\/www.urfabugun.com\/index.php\/wp-json\/wp\/v2\/posts"}],"about":[{"href":"https:\/\/www.urfabugun.com\/index.php\/wp-json\/wp\/v2\/types\/post"}],"author":[{"embeddable":true,"href":"https:\/\/www.urfabugun.com\/index.php\/wp-json\/wp\/v2\/users\/2"}],"replies":[{"embeddable":true,"href":"https:\/\/www.urfabugun.com\/index.php\/wp-json\/wp\/v2\/comments?post=9442"}],"version-history":[{"count":0,"href":"https:\/\/www.urfabugun.com\/index.php\/wp-json\/wp\/v2\/posts\/9442\/revisions"}],"wp:featuredmedia":[{"embeddable":true,"href":"https:\/\/www.urfabugun.com\/index.php\/wp-json\/wp\/v2\/media\/9444"}],"wp:attachment":[{"href":"https:\/\/www.urfabugun.com\/index.php\/wp-json\/wp\/v2\/media?parent=9442"}],"wp:term":[{"taxonomy":"category","embeddable":true,"href":"https:\/\/www.urfabugun.com\/index.php\/wp-json\/wp\/v2\/categories?post=9442"},{"taxonomy":"post_tag","embeddable":true,"href":"https:\/\/www.urfabugun.com\/index.php\/wp-json\/wp\/v2\/tags?post=9442"},{"taxonomy":"manset","embeddable":true,"href":"https:\/\/www.urfabugun.com\/index.php\/wp-json\/wp\/v2\/manset?post=9442"}],"curies":[{"name":"wp","href":"https:\/\/api.w.org\/{rel}","templated":true}]}}