{"id":9526,"date":"2023-09-27T10:45:41","date_gmt":"2023-09-27T07:45:41","guid":{"rendered":"https:\/\/www.urfabugun.com\/?p=9526"},"modified":"2023-09-27T10:45:47","modified_gmt":"2023-09-27T07:45:47","slug":"mitten-suleymaniyede-nokta-operasyon","status":"publish","type":"post","link":"https:\/\/www.urfabugun.com\/index.php\/2023\/09\/27\/mitten-suleymaniyede-nokta-operasyon\/","title":{"rendered":"M\u0130T&#8217;ten S\u00fcleymaniye&#8217;de Nokta Operasyon!"},"content":{"rendered":"\n<p><\/p>\n\n\n\n<p><strong>Milli \u0130stihbarat Te\u015fkilat\u0131, T\u00fcrkiye&#8217;de sansasyonel eylem yapmak \u00fczere e\u011fitildi\u011fi belirlenen PKK\/KCK&#8217;l\u0131 ter\u00f6rist Mazlum \u00d6zt\u00fcrk&#8217;\u00fc, Irak&#8217;\u0131n S\u00fcleymaniye k\u0131rsal\u0131nda operasyonla etkisiz hale getirdi.<\/strong><\/p>\n\n\n\n<p>M\u0130T&#8217;ten S\u00fcleymaniye&#8217;de nokta operasyon<\/p>\n\n\n\n<p>G\u00fcvenlik kaynaklar\u0131ndan al\u0131nan bilgiye g\u00f6re, M\u0130T taraf\u0131ndan, Suriye ve Irak&#8217;\u0131n kuzeyinde kararl\u0131l\u0131kla y\u00fcr\u00fct\u00fclen operasyonlar nedeniyle PKK\/KCK yeni kadrolar kazanmak amac\u0131yla alternatif aray\u0131\u015f\u0131na girdi.<\/p>\n\n\n\n<p>Bu kapsamda ter\u00f6r \u00f6rg\u00fct\u00fcn\u00fcn, ter\u00f6rist aktar\u0131m\u0131n\u0131 ilk etapta Avrupa&#8217;ya yapt\u0131\u011f\u0131, sonras\u0131nda Irak ve Suriye&#8217;ye kayd\u0131rd\u0131\u011f\u0131 tespit edildi.<\/p>\n\n\n\n<p>M\u0130T taraf\u0131ndan takip edilen PKK\/KCK&#8217;l\u0131 Mazlum \u00d6zt\u00fcrk&#8217;\u00fcn, A\u011fustos 2022&#8217;de T\u00fcrkiye&#8217;den Avrupa&#8217;ya ge\u00e7i\u015f yapt\u0131\u011f\u0131, burada Avrupa Demokratik K\u00fcrdistanl\u0131lar Toplum Kongresi&#8217;nin (KCDK-E) \u00e7a\u011fr\u0131s\u0131 kapsam\u0131nda bir\u00e7ok faaliyete kat\u0131ld\u0131\u011f\u0131 belirlendi.<\/p>\n\n\n\n<p>Ter\u00f6rist \u00d6zt\u00fcrk&#8217;\u00fcn ayr\u0131ca Ocak 2023&#8217;te Fransa&#8217;dan \u00f6rg\u00fct\u00fcn k\u0131rsal kadrosuna kat\u0131larak silahl\u0131 faaliyet y\u00fcr\u00fctmeye ba\u015flad\u0131\u011f\u0131 ve g\u00fcvenlik g\u00fc\u00e7lerine kar\u015f\u0131 eylem yapmak \u00fczere suikast e\u011fitimi ald\u0131\u011f\u0131 \u00f6\u011frenildi.<\/p>\n\n\n\n<p>Irak&#8217;\u0131n S\u00fcleymaniye k\u0131rsal\u0131nda bulundu\u011fu tespit edilen ter\u00f6rist \u00d6zt\u00fcrk, M\u0130T&#8217;in nokta operasyonuyla etkisiz hale getirildi.<\/p>\n","protected":false},"excerpt":{"rendered":"<p>Milli \u0130stihbarat Te\u015fkilat\u0131, T\u00fcrkiye&#8217;de sansasyonel eylem yapmak \u00fczere e\u011fitildi\u011fi belirlenen PKK\/KCK&#8217;l\u0131 ter\u00f6rist Mazlum \u00d6zt\u00fcrk&#8217;\u00fc, Irak&#8217;\u0131n S\u00fcleymaniye&#46;&#46;&#46;<\/p>\n","protected":false},"author":2,"featured_media":9528,"comment_status":"open","ping_status":"open","sticky":false,"template":"","format":"standard","meta":{"inline_featured_image":false,"footnotes":""},"categories":[75],"tags":[184,2857,575,2856,1736,131,107],"manset":[],"class_list":["post-9526","post","type-post","status-publish","format-standard","has-post-thumbnail","hentry","category-asayis-haberleri","tag-asayis","tag-mazlum-ozturk","tag-mit","tag-mitten-suleymaniyede-nokta-operasyon","tag-pkk","tag-son-dakika","tag-ub"],"_links":{"self":[{"href":"https:\/\/www.urfabugun.com\/index.php\/wp-json\/wp\/v2\/posts\/9526","targetHints":{"allow":["GET"]}}],"collection":[{"href":"https:\/\/www.urfabugun.com\/index.php\/wp-json\/wp\/v2\/posts"}],"about":[{"href":"https:\/\/www.urfabugun.com\/index.php\/wp-json\/wp\/v2\/types\/post"}],"author":[{"embeddable":true,"href":"https:\/\/www.urfabugun.com\/index.php\/wp-json\/wp\/v2\/users\/2"}],"replies":[{"embeddable":true,"href":"https:\/\/www.urfabugun.com\/index.php\/wp-json\/wp\/v2\/comments?post=9526"}],"version-history":[{"count":0,"href":"https:\/\/www.urfabugun.com\/index.php\/wp-json\/wp\/v2\/posts\/9526\/revisions"}],"wp:featuredmedia":[{"embeddable":true,"href":"https:\/\/www.urfabugun.com\/index.php\/wp-json\/wp\/v2\/media\/9528"}],"wp:attachment":[{"href":"https:\/\/www.urfabugun.com\/index.php\/wp-json\/wp\/v2\/media?parent=9526"}],"wp:term":[{"taxonomy":"category","embeddable":true,"href":"https:\/\/www.urfabugun.com\/index.php\/wp-json\/wp\/v2\/categories?post=9526"},{"taxonomy":"post_tag","embeddable":true,"href":"https:\/\/www.urfabugun.com\/index.php\/wp-json\/wp\/v2\/tags?post=9526"},{"taxonomy":"manset","embeddable":true,"href":"https:\/\/www.urfabugun.com\/index.php\/wp-json\/wp\/v2\/manset?post=9526"}],"curies":[{"name":"wp","href":"https:\/\/api.w.org\/{rel}","templated":true}]}}