{"id":9599,"date":"2023-10-02T08:10:18","date_gmt":"2023-10-02T05:10:18","guid":{"rendered":"https:\/\/www.urfabugun.com\/?p=9599"},"modified":"2023-10-02T08:10:26","modified_gmt":"2023-10-02T05:10:26","slug":"meteoroloji-genel-mudurlugu-sanliurfa-icin-yagis-uyarisinda-bulundu","status":"publish","type":"post","link":"https:\/\/www.urfabugun.com\/index.php\/2023\/10\/02\/meteoroloji-genel-mudurlugu-sanliurfa-icin-yagis-uyarisinda-bulundu\/","title":{"rendered":"Meteoroloji Genel M\u00fcd\u00fcrl\u00fc\u011f\u00fc \u015eanl\u0131urfa \u0130\u00e7in Ya\u011f\u0131\u015f Uyar\u0131s\u0131nda Bulundu!"},"content":{"rendered":"\n<p><\/p>\n\n\n\n<p><strong>Yurdun bir\u00e7ok b\u00f6lgesinde sa\u011fanak ya\u011f\u0131\u015f etkisini s\u00fcrd\u00fcr\u00fcrken Meteoroloji Genel M\u00fcd\u00fcrl\u00fc\u011f\u00fc \u015eanl\u0131urfa i\u00e7inde ya\u011f\u0131\u015f uyar\u0131s\u0131nda bulundu.<\/strong><\/p>\n\n\n\n<p>Kavurucu s\u0131caklara veda eden \u015eanl\u0131urfa\u2019da hava s\u0131cakl\u0131\u011f\u0131 34 derecelere kadar d\u00fc\u015ferken, yurdun bir\u00e7ok noktas\u0131 sa\u011fanak ya\u011f\u0131\u015f ya\u011f\u0131\u015fa teslim oldu.<\/p>\n\n\n\n<p>Meteoroloji genel m\u00fcd\u00fcrl\u00fc\u011f\u00fcn\u00fcn yapt\u0131\u011f\u0131 son tahminlere g\u00f6re \u015eanl\u0131urfa\u2019da Haftan\u0131n ilk 3 g\u00fcn\u00fc sa\u011fanak ya\u011f\u0131\u015f bekleniyor.<\/p>\n\n\n\n<p><strong>HAVA DURUMU TAHM\u0130NLER\u0130<\/strong><\/p>\n\n\n\n<p>Pazartesi, en d\u00fc\u015f\u00fck 16, en y\u00fcksek 27<\/p>\n\n\n\n<p>Sal\u0131, en d\u00fc\u015f\u00fck 17, en y\u00fcksek 27<\/p>\n\n\n\n<p>\u00c7ar\u015famba, en d\u00fc\u015f\u00fck 16,&nbsp; en y\u00fcksek 27<\/p>\n\n\n\n<p>Per\u015fembe, en d\u00fc\u015f\u00fck 16,en y\u00fcksek 29<\/p>\n\n\n\n<p>Cuma, en d\u00fc\u015f\u00fck 17,&nbsp; en y\u00fcksek 30<\/p>\n","protected":false},"excerpt":{"rendered":"<p>Yurdun bir\u00e7ok b\u00f6lgesinde sa\u011fanak ya\u011f\u0131\u015f etkisini s\u00fcrd\u00fcr\u00fcrken Meteoroloji Genel M\u00fcd\u00fcrl\u00fc\u011f\u00fc \u015eanl\u0131urfa i\u00e7inde ya\u011f\u0131\u015f uyar\u0131s\u0131nda bulundu. Kavurucu&#46;&#46;&#46;<\/p>\n","protected":false},"author":2,"featured_media":9601,"comment_status":"open","ping_status":"open","sticky":false,"template":"","format":"standard","meta":{"inline_featured_image":false,"footnotes":""},"categories":[92],"tags":[108,1354,131,107,1318,2877,1364],"manset":[],"class_list":["post-9599","post","type-post","status-publish","format-standard","has-post-thumbnail","hentry","category-yasam-haberleri","tag-hava-durumu","tag-meteoroloji-genel-mudurlugu","tag-son-dakika","tag-ub","tag-uyari","tag-yagis","tag-yasam"],"_links":{"self":[{"href":"https:\/\/www.urfabugun.com\/index.php\/wp-json\/wp\/v2\/posts\/9599","targetHints":{"allow":["GET"]}}],"collection":[{"href":"https:\/\/www.urfabugun.com\/index.php\/wp-json\/wp\/v2\/posts"}],"about":[{"href":"https:\/\/www.urfabugun.com\/index.php\/wp-json\/wp\/v2\/types\/post"}],"author":[{"embeddable":true,"href":"https:\/\/www.urfabugun.com\/index.php\/wp-json\/wp\/v2\/users\/2"}],"replies":[{"embeddable":true,"href":"https:\/\/www.urfabugun.com\/index.php\/wp-json\/wp\/v2\/comments?post=9599"}],"version-history":[{"count":0,"href":"https:\/\/www.urfabugun.com\/index.php\/wp-json\/wp\/v2\/posts\/9599\/revisions"}],"wp:featuredmedia":[{"embeddable":true,"href":"https:\/\/www.urfabugun.com\/index.php\/wp-json\/wp\/v2\/media\/9601"}],"wp:attachment":[{"href":"https:\/\/www.urfabugun.com\/index.php\/wp-json\/wp\/v2\/media?parent=9599"}],"wp:term":[{"taxonomy":"category","embeddable":true,"href":"https:\/\/www.urfabugun.com\/index.php\/wp-json\/wp\/v2\/categories?post=9599"},{"taxonomy":"post_tag","embeddable":true,"href":"https:\/\/www.urfabugun.com\/index.php\/wp-json\/wp\/v2\/tags?post=9599"},{"taxonomy":"manset","embeddable":true,"href":"https:\/\/www.urfabugun.com\/index.php\/wp-json\/wp\/v2\/manset?post=9599"}],"curies":[{"name":"wp","href":"https:\/\/api.w.org\/{rel}","templated":true}]}}