{"id":9626,"date":"2023-10-03T10:54:38","date_gmt":"2023-10-03T07:54:38","guid":{"rendered":"https:\/\/www.urfabugun.com\/?p=9626"},"modified":"2023-10-03T10:54:44","modified_gmt":"2023-10-03T07:54:44","slug":"eylul-ayi-enflasyon-rakamlari-aciklandi","status":"publish","type":"post","link":"https:\/\/www.urfabugun.com\/index.php\/2023\/10\/03\/eylul-ayi-enflasyon-rakamlari-aciklandi\/","title":{"rendered":"Eyl\u00fcl Ay\u0131 Enflasyon Rakamlar\u0131 A\u00e7\u0131kland\u0131!"},"content":{"rendered":"\n<p><\/p>\n\n\n\n<p><strong>T\u00fcketici Fiyat Endeksi (T\u00dcFE) eyl\u00fclde ayl\u0131k bazda y\u00fczde 4,75, Yurt \u0130\u00e7i \u00dcretici Fiyat Endeksi (Y\u0130-\u00dcFE) y\u00fczde 3,4 art\u0131\u015f g\u00f6sterdi. Y\u0131ll\u0131k enflasyon t\u00fcketici fiyatlar\u0131nda y\u00fczde 61,53, yurt i\u00e7i \u00fcretici fiyatlar\u0131nda y\u00fczde 47,44 oldu.<\/strong><\/p>\n\n\n\n<p>T\u00fcrkiye \u0130statistik Kurumu verilerine g\u00f6re, eyl\u00fclde 12 ayl\u0131k ortalamalar dikkate al\u0131nd\u0131\u011f\u0131nda, t\u00fcketici fiyatlar\u0131 y\u00fczde 55,3, yurt i\u00e7i \u00fcretici fiyatlar\u0131 y\u00fczde 65,55 artt\u0131.<\/p>\n\n\n\n<p>Ayl\u0131k bazda T\u00dcFE y\u00fczde 4,75, Y\u0130-\u00dcFE y\u00fczde 3,4 y\u00fckseldi. T\u00dcFE, eyl\u00fclde ge\u00e7en y\u0131l\u0131n aral\u0131k ay\u0131na g\u00f6re y\u00fczde 49,86, Y\u0130-\u00dcFE ise y\u00fczde 36,06 artt\u0131.<\/p>\n\n\n\n<p>Y\u0131ll\u0131k enflasyon, t\u00fcketici fiyatlar\u0131nda y\u00fczde 61,53, yurt i\u00e7i \u00fcretici fiyatlar\u0131nda y\u00fczde 47,44 oldu.<\/p>\n","protected":false},"excerpt":{"rendered":"<p>T\u00fcketici Fiyat Endeksi (T\u00dcFE) eyl\u00fclde ayl\u0131k bazda y\u00fczde 4,75, Yurt \u0130\u00e7i \u00dcretici Fiyat Endeksi (Y\u0130-\u00dcFE) y\u00fczde&#46;&#46;&#46;<\/p>\n","protected":false},"author":2,"featured_media":9628,"comment_status":"open","ping_status":"open","sticky":false,"template":"","format":"standard","meta":{"inline_featured_image":false,"footnotes":""},"categories":[80],"tags":[162,2887,131,359,107],"manset":[],"class_list":["post-9626","post","type-post","status-publish","format-standard","has-post-thumbnail","hentry","category-ekonomi-haberleri","tag-enflasyon","tag-eylul-ayi-enflasyon-rakami-belli-oldu","tag-son-dakika","tag-tuik","tag-ub"],"_links":{"self":[{"href":"https:\/\/www.urfabugun.com\/index.php\/wp-json\/wp\/v2\/posts\/9626","targetHints":{"allow":["GET"]}}],"collection":[{"href":"https:\/\/www.urfabugun.com\/index.php\/wp-json\/wp\/v2\/posts"}],"about":[{"href":"https:\/\/www.urfabugun.com\/index.php\/wp-json\/wp\/v2\/types\/post"}],"author":[{"embeddable":true,"href":"https:\/\/www.urfabugun.com\/index.php\/wp-json\/wp\/v2\/users\/2"}],"replies":[{"embeddable":true,"href":"https:\/\/www.urfabugun.com\/index.php\/wp-json\/wp\/v2\/comments?post=9626"}],"version-history":[{"count":0,"href":"https:\/\/www.urfabugun.com\/index.php\/wp-json\/wp\/v2\/posts\/9626\/revisions"}],"wp:featuredmedia":[{"embeddable":true,"href":"https:\/\/www.urfabugun.com\/index.php\/wp-json\/wp\/v2\/media\/9628"}],"wp:attachment":[{"href":"https:\/\/www.urfabugun.com\/index.php\/wp-json\/wp\/v2\/media?parent=9626"}],"wp:term":[{"taxonomy":"category","embeddable":true,"href":"https:\/\/www.urfabugun.com\/index.php\/wp-json\/wp\/v2\/categories?post=9626"},{"taxonomy":"post_tag","embeddable":true,"href":"https:\/\/www.urfabugun.com\/index.php\/wp-json\/wp\/v2\/tags?post=9626"},{"taxonomy":"manset","embeddable":true,"href":"https:\/\/www.urfabugun.com\/index.php\/wp-json\/wp\/v2\/manset?post=9626"}],"curies":[{"name":"wp","href":"https:\/\/api.w.org\/{rel}","templated":true}]}}