{"id":9642,"date":"2023-10-04T12:12:00","date_gmt":"2023-10-04T09:12:00","guid":{"rendered":"https:\/\/www.urfabugun.com\/?p=9642"},"modified":"2023-10-04T12:12:06","modified_gmt":"2023-10-04T09:12:06","slug":"covid-19-asisi-yeniden-gerekli-mi","status":"publish","type":"post","link":"https:\/\/www.urfabugun.com\/index.php\/2023\/10\/04\/covid-19-asisi-yeniden-gerekli-mi\/","title":{"rendered":"COVID-19 A\u015f\u0131s\u0131 Yeniden Gerekli Mi?"},"content":{"rendered":"\n<p><\/p>\n\n\n\n<p><strong>Sa\u011fl\u0131k Bakan\u0131 Fahrettin Koca, COVID-19&#8217;un Eris varyant\u0131 ile ilgili sosyal medyadan a\u00e7\u0131klama yapt\u0131.<\/strong><\/p>\n\n\n\n<p>Sa\u011fl\u0131k Bakan\u0131 Fahrettin Koca, &#8220;Toplu a\u015f\u0131lamaya kesinlikle ihtiya\u00e7 duyulmayan bir d\u00f6nemdeyiz. Kapanma gibi toplu tedbirler art\u0131k s\u00f6z konusu de\u011fil. A\u00e7\u0131k\u00e7a s\u00f6yl\u00fcyorum: COVID-19 i\u00e7in mevcut ki\u015fisel tedbirler d\u0131\u015f\u0131nda yeni bir tedbir asla s\u00f6z konusu de\u011fil.&#8221; dedi.<\/p>\n\n\n\n<p><strong>&#8220;SALGIN BOYUNCA ALINAN T\u00dcM KARARLARIN ARKASINDA B\u0130L\u0130M VAR&#8221;<\/strong><\/p>\n\n\n\n<p>Konular\u0131n sapt\u0131r\u0131ld\u0131\u011f\u0131n\u0131, baz\u0131 g\u00f6r\u00fc\u015fler ve \u0131srarl\u0131 beyanlar\u0131n kesinlikle bilimsel ama\u00e7l\u0131 olmad\u0131\u011f\u0131n\u0131 aktaran Koca, &#8220;Salg\u0131n boyunca al\u0131nan t\u00fcm kararlar\u0131n arkas\u0131nda bilim var. Bilimsel geli\u015fmeleri asla g\u00f6z ard\u0131 etmedik.<\/p>\n\n\n\n<p>M\u00fccadeleyi bilimsel verilerle y\u00f6netmi\u015f bir ekibin, \u015fayet gerekli olsa her \u015feyin en kolay olabilece\u011fi bir noktada bilime s\u0131rt \u00e7evirmesi hi\u00e7 m\u00fcmk\u00fcn m\u00fc?<\/p>\n\n\n\n<p>Bizleri kar\u015f\u0131t\u0131 imi\u015fiz gibi g\u00f6stermek isteyenler, \u00fclkemizde ba\u015far\u0131yla y\u00fcr\u00fct\u00fclen a\u015f\u0131 uygulamalar\u0131n\u0131 bilemeyecek kadar bilgisiz olamaz. \u00c7ocukluk \u00e7a\u011f\u0131 a\u015f\u0131lamalar\u0131nda oran neden %95\u2019in \u00fczerinde?&#8221; dedi.<\/p>\n\n\n\n<p><strong>&#8220;KAPANMA G\u0130B\u0130 TOPLU TEDB\u0130RLER ARTIK S\u00d6Z KONUSU DE\u011e\u0130L&#8221;<\/strong><\/p>\n\n\n\n<p>Salg\u0131n\u0131n direncini k\u0131rmak i\u00e7in a\u015f\u0131n\u0131n o zaman elzem oldu\u011funa dikkati \u00e7eken Koca, \u015f\u00f6yle devam etti:<\/p>\n\n\n\n<p>Vir\u00fcs\u00fcn de etkisi azald\u0131. Mutasyona g\u00f6re yeni a\u015f\u0131lar geli\u015ftirilmeye \u00e7al\u0131\u015f\u0131l\u0131yor. Bu normaldir. Ancak geldi\u011fimiz noktada bir propaganda y\u00fcr\u00fct\u00fcl\u00fcyor.<\/p>\n\n\n\n<p>Toplu a\u015f\u0131lama propagandas\u0131. Toplu a\u015f\u0131lamaya kesinlikle ihtiya\u00e7 duyulmayan bir d\u00f6nemdeyiz. Biz gerekli oldu\u011funda gerekeni yapt\u0131k. Kapanma gibi toplu tedbirler art\u0131k s\u00f6z konusu de\u011fil. A\u00e7\u0131k\u00e7a s\u00f6yl\u00fcyorum: COVID-19 i\u00e7in mevcut ki\u015fisel tedbirler d\u0131\u015f\u0131nda yeni bir tedbir asla s\u00f6z konusu de\u011fil.&#8221;<\/p>\n","protected":false},"excerpt":{"rendered":"<p>Sa\u011fl\u0131k Bakan\u0131 Fahrettin Koca, COVID-19&#8217;un Eris varyant\u0131 ile ilgili sosyal medyadan a\u00e7\u0131klama yapt\u0131. Sa\u011fl\u0131k Bakan\u0131 Fahrettin&#46;&#46;&#46;<\/p>\n","protected":false},"author":2,"featured_media":9644,"comment_status":"open","ping_status":"open","sticky":false,"template":"","format":"standard","meta":{"inline_featured_image":false,"footnotes":""},"categories":[87],"tags":[2895,2894,111,942,131,146,107,2807],"manset":[],"class_list":["post-9642","post","type-post","status-publish","format-standard","has-post-thumbnail","hentry","category-saglik-haberleri","tag-asi","tag-covid-19","tag-saglik","tag-saglik-bakanligi","tag-son-dakika","tag-turkiye","tag-ub","tag-virus-2"],"_links":{"self":[{"href":"https:\/\/www.urfabugun.com\/index.php\/wp-json\/wp\/v2\/posts\/9642","targetHints":{"allow":["GET"]}}],"collection":[{"href":"https:\/\/www.urfabugun.com\/index.php\/wp-json\/wp\/v2\/posts"}],"about":[{"href":"https:\/\/www.urfabugun.com\/index.php\/wp-json\/wp\/v2\/types\/post"}],"author":[{"embeddable":true,"href":"https:\/\/www.urfabugun.com\/index.php\/wp-json\/wp\/v2\/users\/2"}],"replies":[{"embeddable":true,"href":"https:\/\/www.urfabugun.com\/index.php\/wp-json\/wp\/v2\/comments?post=9642"}],"version-history":[{"count":0,"href":"https:\/\/www.urfabugun.com\/index.php\/wp-json\/wp\/v2\/posts\/9642\/revisions"}],"wp:featuredmedia":[{"embeddable":true,"href":"https:\/\/www.urfabugun.com\/index.php\/wp-json\/wp\/v2\/media\/9644"}],"wp:attachment":[{"href":"https:\/\/www.urfabugun.com\/index.php\/wp-json\/wp\/v2\/media?parent=9642"}],"wp:term":[{"taxonomy":"category","embeddable":true,"href":"https:\/\/www.urfabugun.com\/index.php\/wp-json\/wp\/v2\/categories?post=9642"},{"taxonomy":"post_tag","embeddable":true,"href":"https:\/\/www.urfabugun.com\/index.php\/wp-json\/wp\/v2\/tags?post=9642"},{"taxonomy":"manset","embeddable":true,"href":"https:\/\/www.urfabugun.com\/index.php\/wp-json\/wp\/v2\/manset?post=9642"}],"curies":[{"name":"wp","href":"https:\/\/api.w.org\/{rel}","templated":true}]}}