{"id":9784,"date":"2023-10-13T09:59:50","date_gmt":"2023-10-13T06:59:50","guid":{"rendered":"https:\/\/www.urfabugun.com\/?p=9784"},"modified":"2023-10-13T09:59:56","modified_gmt":"2023-10-13T06:59:56","slug":"camilerde-mehmetcik-ve-filistin-icin-dua-edildi","status":"publish","type":"post","link":"https:\/\/www.urfabugun.com\/index.php\/2023\/10\/13\/camilerde-mehmetcik-ve-filistin-icin-dua-edildi\/","title":{"rendered":"Camilerde Mehmet\u00e7ik Ve Filistin \u0130\u00e7in Dua Edildi!"},"content":{"rendered":"\n<p><\/p>\n\n\n\n<p><strong>Sakarya, Zonguldak, Karab\u00fck, Bolu ve Kocaeli&#8217;deki camilerde, \u0130srail&#8217;in sald\u0131r\u0131lar\u0131 sonucu Filistin&#8217;de hayat\u0131n\u0131 kaybedenler i\u00e7in dua edildi.<\/strong><\/p>\n\n\n\n<p>Sakarya ve \u00e7evre illerdeki camilerde Mehmet\u00e7ik ve Filistin i\u00e7in dua edildi<\/p>\n\n\n\n<p>Sakarya&#8217;da Diyanet \u0130\u015fleri Ba\u015fkanl\u0131\u011f\u0131n\u0131n &#8220;Mazlumlara Dua, Filistin&#8217;e Vefa&#8221; sabah namaz\u0131 bulu\u015fmas\u0131 kapsam\u0131nda Adapazar\u0131 Orhan Cami&#8217;de vatanda\u015flar bir araya geldi.<\/p>\n\n\n\n<p>Fetih suresi okunan program\u0131n ard\u0131ndan sabah namaz\u0131 k\u0131l\u0131nd\u0131.<\/p>\n\n\n\n<p>Namaz\u0131n ard\u0131ndan \u0130l M\u00fcft\u00fcs\u00fc Mehmet A\u015f\u0131k, ter\u00f6r \u00f6rg\u00fctlerine kar\u015f\u0131 d\u00fczenlenen operasyonlarda \u015fehit olan Mehmet\u00e7ik ve Filistin&#8217;de hayat\u0131n\u0131 kaybedenler i\u00e7in dua etti.<\/p>\n\n\n\n<p><strong>Zonguldak<\/strong><\/p>\n\n\n\n<p>&#8220;Mazlumlara Dua, Filistin&#8217;e Vefa&#8221; program\u0131nda Karadeniz Ere\u011fli il\u00e7esindeki Kepez Tepe Camisi&#8217;nde vatanda\u015flar bir araya geldi.<\/p>\n\n\n\n<p>Ter\u00f6r \u00f6rg\u00fctlerine kar\u015f\u0131 d\u00fczenlenen operasyonlarda \u015fehit olan Mehmet\u00e7ik ve Filistin&#8217;de hayat\u0131n\u0131 kaybeden siviller i\u00e7in Kur&#8217;an-\u0131 Kerim okundu, dua edildi.  Ayr\u0131ca, kentteki camilerde sala okundu.<\/p>\n\n\n\n<p><strong>Karab\u00fck<\/strong><\/p>\n\n\n\n<p>Karab\u00fck&#8217;te de &#8220;Mazlumlara Dua, Filistin&#8217;e Vefa&#8221; sabah namaz\u0131 bulu\u015fmas\u0131 i\u00e7in vatanda\u015flar, 100. Y\u0131l Pazaryeri Camisi&#8217;ne geldi.<\/p>\n\n\n\n<p>Programda ter\u00f6r \u00f6rg\u00fctlerine kar\u015f\u0131 d\u00fczenlenen operasyonlarda \u015fehit olan Mehmet\u00e7ik ve Filistin&#8217;de hayat\u0131n\u0131 kaybeden siviller i\u00e7in Kur&#8217;an-\u0131 Kerim okundu ve dua edildi.<\/p>\n\n\n\n<p><strong>Kocaeli<\/strong><\/p>\n\n\n\n<p>Kocaeli&#8217;de tarihi Orhan, Fevziye ve Yeni Cuma camileri ba\u015fta olmak \u00fczere kentteki camilerde vatanda\u015flar, &#8220;Mazlumlara Dua, Filistin&#8217;e Vefa&#8221; sabah namaz\u0131 bulu\u015fmas\u0131nda bir araya geldi.<\/p>\n\n\n\n<p>Fevziye Camisi&#8217;nde \u0130l M\u00fcft\u00fcs\u00fc Sinan Cihan&#8217;\u0131n da kat\u0131ld\u0131\u011f\u0131 programda, ter\u00f6r \u00f6rg\u00fctlerine kar\u015f\u0131 d\u00fczenlenen operasyonlarda \u015fehit olan Mehmet\u00e7ik ve Filistin&#8217;de hayat\u0131n\u0131 kaybeden siviller i\u00e7in Kur&#8217;an-\u0131 Kerim okundu, dua edildi.<\/p>\n\n\n\n<p><strong>Bolu<\/strong><\/p>\n\n\n\n<p>Bolu&#8217;da tarihi Y\u0131ld\u0131r\u0131m Bayezid Cami ba\u015fta olmak kentteki camilerde &#8220;Mazlumlara Dua, Filistin&#8217;e Vefa&#8221; sabah namaz\u0131 bulu\u015fmas\u0131 ger\u00e7ekle\u015ftirildi.<\/p>\n\n\n\n<p>Programda, ter\u00f6r \u00f6rg\u00fctlerine kar\u015f\u0131 d\u00fczenlenen operasyonlarda \u015fehit olan Mehmet\u00e7ik ve Filistin&#8217;de hayat\u0131n\u0131 kaybeden siviller i\u00e7in Kur&#8217;an-\u0131 Kerim okunarak dua edildi.<\/p>\n","protected":false},"excerpt":{"rendered":"<p>Sakarya, Zonguldak, Karab\u00fck, Bolu ve Kocaeli&#8217;deki camilerde, \u0130srail&#8217;in sald\u0131r\u0131lar\u0131 sonucu Filistin&#8217;de hayat\u0131n\u0131 kaybedenler i\u00e7in dua edildi.&#46;&#46;&#46;<\/p>\n","protected":false},"author":2,"featured_media":9786,"comment_status":"open","ping_status":"open","sticky":false,"template":"","format":"standard","meta":{"inline_featured_image":false,"footnotes":""},"categories":[90],"tags":[2933,131,107],"manset":[],"class_list":["post-9784","post","type-post","status-publish","format-standard","has-post-thumbnail","hentry","category-turkiye-haberleri","tag-camilerde-mehmetcik-ve-filistin-icin-dua-edildi","tag-son-dakika","tag-ub"],"_links":{"self":[{"href":"https:\/\/www.urfabugun.com\/index.php\/wp-json\/wp\/v2\/posts\/9784","targetHints":{"allow":["GET"]}}],"collection":[{"href":"https:\/\/www.urfabugun.com\/index.php\/wp-json\/wp\/v2\/posts"}],"about":[{"href":"https:\/\/www.urfabugun.com\/index.php\/wp-json\/wp\/v2\/types\/post"}],"author":[{"embeddable":true,"href":"https:\/\/www.urfabugun.com\/index.php\/wp-json\/wp\/v2\/users\/2"}],"replies":[{"embeddable":true,"href":"https:\/\/www.urfabugun.com\/index.php\/wp-json\/wp\/v2\/comments?post=9784"}],"version-history":[{"count":0,"href":"https:\/\/www.urfabugun.com\/index.php\/wp-json\/wp\/v2\/posts\/9784\/revisions"}],"wp:featuredmedia":[{"embeddable":true,"href":"https:\/\/www.urfabugun.com\/index.php\/wp-json\/wp\/v2\/media\/9786"}],"wp:attachment":[{"href":"https:\/\/www.urfabugun.com\/index.php\/wp-json\/wp\/v2\/media?parent=9784"}],"wp:term":[{"taxonomy":"category","embeddable":true,"href":"https:\/\/www.urfabugun.com\/index.php\/wp-json\/wp\/v2\/categories?post=9784"},{"taxonomy":"post_tag","embeddable":true,"href":"https:\/\/www.urfabugun.com\/index.php\/wp-json\/wp\/v2\/tags?post=9784"},{"taxonomy":"manset","embeddable":true,"href":"https:\/\/www.urfabugun.com\/index.php\/wp-json\/wp\/v2\/manset?post=9784"}],"curies":[{"name":"wp","href":"https:\/\/api.w.org\/{rel}","templated":true}]}}