{"id":9816,"date":"2023-10-15T13:42:38","date_gmt":"2023-10-15T10:42:38","guid":{"rendered":"https:\/\/www.urfabugun.com\/?p=9816"},"modified":"2023-10-15T13:42:44","modified_gmt":"2023-10-15T10:42:44","slug":"2-pkkli-terorist-etkisiz-hale-getirildi","status":"publish","type":"post","link":"https:\/\/www.urfabugun.com\/index.php\/2023\/10\/15\/2-pkkli-terorist-etkisiz-hale-getirildi\/","title":{"rendered":"2 PKK&#8217;l\u0131 Ter\u00f6rist Etkisiz Hale Getirildi!"},"content":{"rendered":"\n<p><\/p>\n\n\n\n<p><strong>Pen\u00e7e-Kilit b\u00f6lgesinde tespit edilen 2 PKK&#8217;l\u0131 ter\u00f6rist etkisiz hale getirildi.<\/strong><\/p>\n\n\n\n<p>Milli Savunma Bakanl\u0131\u011f\u0131 yapt\u0131\u011f\u0131 a\u00e7\u0131klamada, Pen\u00e7e-Kilit b\u00f6lgesinde tespit edilen 2 PKK&#8217;l\u0131 ter\u00f6ristin etkisiz hale getirildi\u011fini a\u00e7\u0131klad\u0131.<\/p>\n\n\n\n<p>Bakanl\u0131ktan yap\u0131lan a\u00e7\u0131klamada \u015fu ifadeler kullan\u0131ld\u0131: &#8220;Irak\u2019\u0131n kuzeyindeki ter\u00f6rist temizli\u011fimiz etkin ve kararl\u0131 \u015fekilde devam ediyor.<\/p>\n\n\n\n<p>T\u00fcrk Silahl\u0131 Kuvvetlerimiz, Pen\u00e7e-Kilit b\u00f6lgesinde tespit edilen 2 PKK&#8217;l\u0131 ter\u00f6risti etkisiz h\u00e2le getirdi.&#8221;<\/p>\n","protected":false},"excerpt":{"rendered":"<p>Pen\u00e7e-Kilit b\u00f6lgesinde tespit edilen 2 PKK&#8217;l\u0131 ter\u00f6rist etkisiz hale getirildi. Milli Savunma Bakanl\u0131\u011f\u0131 yapt\u0131\u011f\u0131 a\u00e7\u0131klamada, Pen\u00e7e-Kilit&#46;&#46;&#46;<\/p>\n","protected":false},"author":2,"featured_media":9818,"comment_status":"open","ping_status":"open","sticky":false,"template":"","format":"standard","meta":{"inline_featured_image":false,"footnotes":""},"categories":[75],"tags":[184,2934,2946,118,131,107],"manset":[],"class_list":["post-9816","post","type-post","status-publish","format-standard","has-post-thumbnail","hentry","category-asayis-haberleri","tag-asayis","tag-pence-kilit-operasyonu","tag-pence-kilit-bolgesinde-tespit-edilen-2-pkkli-terorist-etkisiz-hale-getirildi","tag-sanliurfa","tag-son-dakika","tag-ub"],"_links":{"self":[{"href":"https:\/\/www.urfabugun.com\/index.php\/wp-json\/wp\/v2\/posts\/9816","targetHints":{"allow":["GET"]}}],"collection":[{"href":"https:\/\/www.urfabugun.com\/index.php\/wp-json\/wp\/v2\/posts"}],"about":[{"href":"https:\/\/www.urfabugun.com\/index.php\/wp-json\/wp\/v2\/types\/post"}],"author":[{"embeddable":true,"href":"https:\/\/www.urfabugun.com\/index.php\/wp-json\/wp\/v2\/users\/2"}],"replies":[{"embeddable":true,"href":"https:\/\/www.urfabugun.com\/index.php\/wp-json\/wp\/v2\/comments?post=9816"}],"version-history":[{"count":0,"href":"https:\/\/www.urfabugun.com\/index.php\/wp-json\/wp\/v2\/posts\/9816\/revisions"}],"wp:featuredmedia":[{"embeddable":true,"href":"https:\/\/www.urfabugun.com\/index.php\/wp-json\/wp\/v2\/media\/9818"}],"wp:attachment":[{"href":"https:\/\/www.urfabugun.com\/index.php\/wp-json\/wp\/v2\/media?parent=9816"}],"wp:term":[{"taxonomy":"category","embeddable":true,"href":"https:\/\/www.urfabugun.com\/index.php\/wp-json\/wp\/v2\/categories?post=9816"},{"taxonomy":"post_tag","embeddable":true,"href":"https:\/\/www.urfabugun.com\/index.php\/wp-json\/wp\/v2\/tags?post=9816"},{"taxonomy":"manset","embeddable":true,"href":"https:\/\/www.urfabugun.com\/index.php\/wp-json\/wp\/v2\/manset?post=9816"}],"curies":[{"name":"wp","href":"https:\/\/api.w.org\/{rel}","templated":true}]}}