{"id":1047,"count":1,"description":"","link":"https:\/\/www.urfabugun.com\/index.php\/tag\/tabeladaki-rakam-arac-sahiplerinin-yuzunu-guldurecek\/","name":"Tabeladaki Rakam Ara\u00e7 Sahiplerinin Y\u00fcz\u00fcn\u00fc G\u00fcld\u00fcrecek!","slug":"tabeladaki-rakam-arac-sahiplerinin-yuzunu-guldurecek","taxonomy":"post_tag","meta":[],"_links":{"self":[{"href":"https:\/\/www.urfabugun.com\/index.php\/wp-json\/wp\/v2\/tags\/1047","targetHints":{"allow":["GET"]}}],"collection":[{"href":"https:\/\/www.urfabugun.com\/index.php\/wp-json\/wp\/v2\/tags"}],"about":[{"href":"https:\/\/www.urfabugun.com\/index.php\/wp-json\/wp\/v2\/taxonomies\/post_tag"}],"wp:post_type":[{"href":"https:\/\/www.urfabugun.com\/index.php\/wp-json\/wp\/v2\/posts?tags=1047"},{"href":"https:\/\/www.urfabugun.com\/index.php\/wp-json\/wp\/v2\/columist?tags=1047"}],"curies":[{"name":"wp","href":"https:\/\/api.w.org\/{rel}","templated":true}]}}