{"id":1066,"count":1,"description":"","link":"https:\/\/www.urfabugun.com\/index.php\/tag\/sanliurfada-yagislar-devam-edecek-mi\/","name":"\u015eanl\u0131urfa\u2019da Ya\u011f\u0131\u015flar Devam\u00a0\u00a0Edecek Mi?","slug":"sanliurfada-yagislar-devam-edecek-mi","taxonomy":"post_tag","meta":[],"_links":{"self":[{"href":"https:\/\/www.urfabugun.com\/index.php\/wp-json\/wp\/v2\/tags\/1066","targetHints":{"allow":["GET"]}}],"collection":[{"href":"https:\/\/www.urfabugun.com\/index.php\/wp-json\/wp\/v2\/tags"}],"about":[{"href":"https:\/\/www.urfabugun.com\/index.php\/wp-json\/wp\/v2\/taxonomies\/post_tag"}],"wp:post_type":[{"href":"https:\/\/www.urfabugun.com\/index.php\/wp-json\/wp\/v2\/posts?tags=1066"},{"href":"https:\/\/www.urfabugun.com\/index.php\/wp-json\/wp\/v2\/columist?tags=1066"}],"curies":[{"name":"wp","href":"https:\/\/api.w.org\/{rel}","templated":true}]}}