{"id":1127,"count":1,"description":"","link":"https:\/\/www.urfabugun.com\/index.php\/tag\/siyasete-atiliyorlar-iste-milletvekili-aday-adayi-olan-unlu-isimler\/","name":"Siyasete At\u0131l\u0131yorlar! \u0130\u015fte Milletvekili Aday Aday\u0131 Olan \u00dcnl\u00fc \u0130simler!","slug":"siyasete-atiliyorlar-iste-milletvekili-aday-adayi-olan-unlu-isimler","taxonomy":"post_tag","meta":[],"_links":{"self":[{"href":"https:\/\/www.urfabugun.com\/index.php\/wp-json\/wp\/v2\/tags\/1127","targetHints":{"allow":["GET"]}}],"collection":[{"href":"https:\/\/www.urfabugun.com\/index.php\/wp-json\/wp\/v2\/tags"}],"about":[{"href":"https:\/\/www.urfabugun.com\/index.php\/wp-json\/wp\/v2\/taxonomies\/post_tag"}],"wp:post_type":[{"href":"https:\/\/www.urfabugun.com\/index.php\/wp-json\/wp\/v2\/posts?tags=1127"},{"href":"https:\/\/www.urfabugun.com\/index.php\/wp-json\/wp\/v2\/columist?tags=1127"}],"curies":[{"name":"wp","href":"https:\/\/api.w.org\/{rel}","templated":true}]}}