{"id":1137,"count":1,"description":"","link":"https:\/\/www.urfabugun.com\/index.php\/tag\/cumhurbaskani-adaylarinin-oy-pusulasindaki-yerleri-belli-oldu\/","name":"Cumhurba\u015fkan\u0131 Adaylar\u0131n\u0131n Oy Pusulas\u0131ndaki Yerleri Belli Oldu!","slug":"cumhurbaskani-adaylarinin-oy-pusulasindaki-yerleri-belli-oldu","taxonomy":"post_tag","meta":[],"_links":{"self":[{"href":"https:\/\/www.urfabugun.com\/index.php\/wp-json\/wp\/v2\/tags\/1137","targetHints":{"allow":["GET"]}}],"collection":[{"href":"https:\/\/www.urfabugun.com\/index.php\/wp-json\/wp\/v2\/tags"}],"about":[{"href":"https:\/\/www.urfabugun.com\/index.php\/wp-json\/wp\/v2\/taxonomies\/post_tag"}],"wp:post_type":[{"href":"https:\/\/www.urfabugun.com\/index.php\/wp-json\/wp\/v2\/posts?tags=1137"},{"href":"https:\/\/www.urfabugun.com\/index.php\/wp-json\/wp\/v2\/columist?tags=1137"}],"curies":[{"name":"wp","href":"https:\/\/api.w.org\/{rel}","templated":true}]}}