{"id":1221,"count":1,"description":"","link":"https:\/\/www.urfabugun.com\/index.php\/tag\/4-5-buyuklugunde-deprem-cevre-illerde-hissedildi\/","name":"4.5 B\u00fcy\u00fckl\u00fc\u011f\u00fcnde Deprem! \u00c7evre \u0130llerde Hissedildi!","slug":"4-5-buyuklugunde-deprem-cevre-illerde-hissedildi","taxonomy":"post_tag","meta":[],"_links":{"self":[{"href":"https:\/\/www.urfabugun.com\/index.php\/wp-json\/wp\/v2\/tags\/1221","targetHints":{"allow":["GET"]}}],"collection":[{"href":"https:\/\/www.urfabugun.com\/index.php\/wp-json\/wp\/v2\/tags"}],"about":[{"href":"https:\/\/www.urfabugun.com\/index.php\/wp-json\/wp\/v2\/taxonomies\/post_tag"}],"wp:post_type":[{"href":"https:\/\/www.urfabugun.com\/index.php\/wp-json\/wp\/v2\/posts?tags=1221"},{"href":"https:\/\/www.urfabugun.com\/index.php\/wp-json\/wp\/v2\/columist?tags=1221"}],"curies":[{"name":"wp","href":"https:\/\/api.w.org\/{rel}","templated":true}]}}