{"id":1297,"count":1,"description":"","link":"https:\/\/www.urfabugun.com\/index.php\/tag\/chp-sanliurfa-milletvekili-adaylari-aciklandi\/","name":"CHP \u015eanl\u0131urfa Milletvekili Adaylar\u0131 A\u00e7\u0131kland\u0131!","slug":"chp-sanliurfa-milletvekili-adaylari-aciklandi","taxonomy":"post_tag","meta":[],"_links":{"self":[{"href":"https:\/\/www.urfabugun.com\/index.php\/wp-json\/wp\/v2\/tags\/1297","targetHints":{"allow":["GET"]}}],"collection":[{"href":"https:\/\/www.urfabugun.com\/index.php\/wp-json\/wp\/v2\/tags"}],"about":[{"href":"https:\/\/www.urfabugun.com\/index.php\/wp-json\/wp\/v2\/taxonomies\/post_tag"}],"wp:post_type":[{"href":"https:\/\/www.urfabugun.com\/index.php\/wp-json\/wp\/v2\/posts?tags=1297"},{"href":"https:\/\/www.urfabugun.com\/index.php\/wp-json\/wp\/v2\/columist?tags=1297"}],"curies":[{"name":"wp","href":"https:\/\/api.w.org\/{rel}","templated":true}]}}