{"id":2139,"count":1,"description":"","link":"https:\/\/www.urfabugun.com\/index.php\/tag\/meksikada-asiri-sicaklar-artiyor-olu-sayisi-112ye-yukseldi\/","name":"Meksika&#039;da A\u015f\u0131r\u0131 S\u0131caklar Art\u0131yor: \u00d6l\u00fc Say\u0131s\u0131 112&#039;ye Y\u00fckseldi!","slug":"meksikada-asiri-sicaklar-artiyor-olu-sayisi-112ye-yukseldi","taxonomy":"post_tag","meta":[],"_links":{"self":[{"href":"https:\/\/www.urfabugun.com\/index.php\/wp-json\/wp\/v2\/tags\/2139","targetHints":{"allow":["GET"]}}],"collection":[{"href":"https:\/\/www.urfabugun.com\/index.php\/wp-json\/wp\/v2\/tags"}],"about":[{"href":"https:\/\/www.urfabugun.com\/index.php\/wp-json\/wp\/v2\/taxonomies\/post_tag"}],"wp:post_type":[{"href":"https:\/\/www.urfabugun.com\/index.php\/wp-json\/wp\/v2\/posts?tags=2139"},{"href":"https:\/\/www.urfabugun.com\/index.php\/wp-json\/wp\/v2\/columist?tags=2139"}],"curies":[{"name":"wp","href":"https:\/\/api.w.org\/{rel}","templated":true}]}}