{"id":2153,"count":1,"description":"","link":"https:\/\/www.urfabugun.com\/index.php\/tag\/meb-resmen-acikladi-okullar-ne-zaman-acilacak\/","name":"MEB Resmen A\u00e7\u0131klad\u0131: Okullar Ne Zaman A\u00e7\u0131lacak?","slug":"meb-resmen-acikladi-okullar-ne-zaman-acilacak","taxonomy":"post_tag","meta":[],"_links":{"self":[{"href":"https:\/\/www.urfabugun.com\/index.php\/wp-json\/wp\/v2\/tags\/2153","targetHints":{"allow":["GET"]}}],"collection":[{"href":"https:\/\/www.urfabugun.com\/index.php\/wp-json\/wp\/v2\/tags"}],"about":[{"href":"https:\/\/www.urfabugun.com\/index.php\/wp-json\/wp\/v2\/taxonomies\/post_tag"}],"wp:post_type":[{"href":"https:\/\/www.urfabugun.com\/index.php\/wp-json\/wp\/v2\/posts?tags=2153"},{"href":"https:\/\/www.urfabugun.com\/index.php\/wp-json\/wp\/v2\/columist?tags=2153"}],"curies":[{"name":"wp","href":"https:\/\/api.w.org\/{rel}","templated":true}]}}