{"id":2207,"count":1,"description":"","link":"https:\/\/www.urfabugun.com\/index.php\/tag\/sanliurfanin-harran-ilcesinde-elektrik-akimina-kapilan-isci-hayatini-kaybetti\/","name":"\u015eanl\u0131urfa&#039;n\u0131n Harran il\u00e7esinde elektrik ak\u0131m\u0131na kap\u0131lan i\u015f\u00e7i hayat\u0131n\u0131 kaybetti.","slug":"sanliurfanin-harran-ilcesinde-elektrik-akimina-kapilan-isci-hayatini-kaybetti","taxonomy":"post_tag","meta":[],"_links":{"self":[{"href":"https:\/\/www.urfabugun.com\/index.php\/wp-json\/wp\/v2\/tags\/2207","targetHints":{"allow":["GET"]}}],"collection":[{"href":"https:\/\/www.urfabugun.com\/index.php\/wp-json\/wp\/v2\/tags"}],"about":[{"href":"https:\/\/www.urfabugun.com\/index.php\/wp-json\/wp\/v2\/taxonomies\/post_tag"}],"wp:post_type":[{"href":"https:\/\/www.urfabugun.com\/index.php\/wp-json\/wp\/v2\/posts?tags=2207"},{"href":"https:\/\/www.urfabugun.com\/index.php\/wp-json\/wp\/v2\/columist?tags=2207"}],"curies":[{"name":"wp","href":"https:\/\/api.w.org\/{rel}","templated":true}]}}