{"id":2289,"count":1,"description":"","link":"https:\/\/www.urfabugun.com\/index.php\/tag\/18-25-yas-arasi-genclere-ucretsiz-muze-kart-uygulamasi-basladi\/","name":"18-25 Ya\u015f Aras\u0131 Gen\u00e7lere \u00dccretsiz M\u00fcze Kart Uygulamas\u0131 Ba\u015flad\u0131!","slug":"18-25-yas-arasi-genclere-ucretsiz-muze-kart-uygulamasi-basladi","taxonomy":"post_tag","meta":[],"_links":{"self":[{"href":"https:\/\/www.urfabugun.com\/index.php\/wp-json\/wp\/v2\/tags\/2289","targetHints":{"allow":["GET"]}}],"collection":[{"href":"https:\/\/www.urfabugun.com\/index.php\/wp-json\/wp\/v2\/tags"}],"about":[{"href":"https:\/\/www.urfabugun.com\/index.php\/wp-json\/wp\/v2\/taxonomies\/post_tag"}],"wp:post_type":[{"href":"https:\/\/www.urfabugun.com\/index.php\/wp-json\/wp\/v2\/posts?tags=2289"},{"href":"https:\/\/www.urfabugun.com\/index.php\/wp-json\/wp\/v2\/columist?tags=2289"}],"curies":[{"name":"wp","href":"https:\/\/api.w.org\/{rel}","templated":true}]}}