{"id":2354,"count":1,"description":"","link":"https:\/\/www.urfabugun.com\/index.php\/tag\/sanliurfada-bogulma-vakalarina-karsi-yuzme-egitimi-seferberligi\/","name":"\u015eanl\u0131urfa\u2019da Bo\u011fulma Vakalar\u0131na Kar\u015f\u0131 &quot;Y\u00fczme E\u011fitimi&quot; Seferberli\u011fi!","slug":"sanliurfada-bogulma-vakalarina-karsi-yuzme-egitimi-seferberligi","taxonomy":"post_tag","meta":[],"_links":{"self":[{"href":"https:\/\/www.urfabugun.com\/index.php\/wp-json\/wp\/v2\/tags\/2354","targetHints":{"allow":["GET"]}}],"collection":[{"href":"https:\/\/www.urfabugun.com\/index.php\/wp-json\/wp\/v2\/tags"}],"about":[{"href":"https:\/\/www.urfabugun.com\/index.php\/wp-json\/wp\/v2\/taxonomies\/post_tag"}],"wp:post_type":[{"href":"https:\/\/www.urfabugun.com\/index.php\/wp-json\/wp\/v2\/posts?tags=2354"},{"href":"https:\/\/www.urfabugun.com\/index.php\/wp-json\/wp\/v2\/columist?tags=2354"}],"curies":[{"name":"wp","href":"https:\/\/api.w.org\/{rel}","templated":true}]}}