{"id":2385,"count":1,"description":"","link":"https:\/\/www.urfabugun.com\/index.php\/tag\/haliliyede-kultur-ve-sanat-kurslari-basliyor\/","name":"Haliliye\u2019de K\u00fclt\u00fcr ve Sanat Kurslar\u0131 Ba\u015fl\u0131yor!","slug":"haliliyede-kultur-ve-sanat-kurslari-basliyor","taxonomy":"post_tag","meta":[],"_links":{"self":[{"href":"https:\/\/www.urfabugun.com\/index.php\/wp-json\/wp\/v2\/tags\/2385","targetHints":{"allow":["GET"]}}],"collection":[{"href":"https:\/\/www.urfabugun.com\/index.php\/wp-json\/wp\/v2\/tags"}],"about":[{"href":"https:\/\/www.urfabugun.com\/index.php\/wp-json\/wp\/v2\/taxonomies\/post_tag"}],"wp:post_type":[{"href":"https:\/\/www.urfabugun.com\/index.php\/wp-json\/wp\/v2\/posts?tags=2385"},{"href":"https:\/\/www.urfabugun.com\/index.php\/wp-json\/wp\/v2\/columist?tags=2385"}],"curies":[{"name":"wp","href":"https:\/\/api.w.org\/{rel}","templated":true}]}}