{"id":2432,"count":1,"description":"","link":"https:\/\/www.urfabugun.com\/index.php\/tag\/mujde-sanliurfada-toki-cekilisi-basliyor\/","name":"M\u00fcjde: \u015eanl\u0131urfa&#039;da TOK\u0130 \u00c7ekili\u015fi Ba\u015fl\u0131yor!","slug":"mujde-sanliurfada-toki-cekilisi-basliyor","taxonomy":"post_tag","meta":[],"_links":{"self":[{"href":"https:\/\/www.urfabugun.com\/index.php\/wp-json\/wp\/v2\/tags\/2432","targetHints":{"allow":["GET"]}}],"collection":[{"href":"https:\/\/www.urfabugun.com\/index.php\/wp-json\/wp\/v2\/tags"}],"about":[{"href":"https:\/\/www.urfabugun.com\/index.php\/wp-json\/wp\/v2\/taxonomies\/post_tag"}],"wp:post_type":[{"href":"https:\/\/www.urfabugun.com\/index.php\/wp-json\/wp\/v2\/posts?tags=2432"},{"href":"https:\/\/www.urfabugun.com\/index.php\/wp-json\/wp\/v2\/columist?tags=2432"}],"curies":[{"name":"wp","href":"https:\/\/api.w.org\/{rel}","templated":true}]}}