{"id":2475,"count":1,"description":"","link":"https:\/\/www.urfabugun.com\/index.php\/tag\/kabine-yarin-toplaniyor-masada-iki-onemli-konu-basligi-var\/","name":"Kabine Yar\u0131n Toplan\u0131yor: Masada \u0130ki \u00d6nemli Konu Ba\u015fl\u0131\u011f\u0131 Var!","slug":"kabine-yarin-toplaniyor-masada-iki-onemli-konu-basligi-var","taxonomy":"post_tag","meta":[],"_links":{"self":[{"href":"https:\/\/www.urfabugun.com\/index.php\/wp-json\/wp\/v2\/tags\/2475","targetHints":{"allow":["GET"]}}],"collection":[{"href":"https:\/\/www.urfabugun.com\/index.php\/wp-json\/wp\/v2\/tags"}],"about":[{"href":"https:\/\/www.urfabugun.com\/index.php\/wp-json\/wp\/v2\/taxonomies\/post_tag"}],"wp:post_type":[{"href":"https:\/\/www.urfabugun.com\/index.php\/wp-json\/wp\/v2\/posts?tags=2475"},{"href":"https:\/\/www.urfabugun.com\/index.php\/wp-json\/wp\/v2\/columist?tags=2475"}],"curies":[{"name":"wp","href":"https:\/\/api.w.org\/{rel}","templated":true}]}}