{"id":2484,"count":1,"description":"","link":"https:\/\/www.urfabugun.com\/index.php\/tag\/cumhurbaskani-erdogan-baskanliginda-bugun-toplaniyor\/","name":"Cumhurba\u015fkan\u0131 Erdo\u011fan Ba\u015fkanl\u0131\u011f\u0131nda Bug\u00fcn Toplan\u0131yor!","slug":"cumhurbaskani-erdogan-baskanliginda-bugun-toplaniyor","taxonomy":"post_tag","meta":[],"_links":{"self":[{"href":"https:\/\/www.urfabugun.com\/index.php\/wp-json\/wp\/v2\/tags\/2484","targetHints":{"allow":["GET"]}}],"collection":[{"href":"https:\/\/www.urfabugun.com\/index.php\/wp-json\/wp\/v2\/tags"}],"about":[{"href":"https:\/\/www.urfabugun.com\/index.php\/wp-json\/wp\/v2\/taxonomies\/post_tag"}],"wp:post_type":[{"href":"https:\/\/www.urfabugun.com\/index.php\/wp-json\/wp\/v2\/posts?tags=2484"},{"href":"https:\/\/www.urfabugun.com\/index.php\/wp-json\/wp\/v2\/columist?tags=2484"}],"curies":[{"name":"wp","href":"https:\/\/api.w.org\/{rel}","templated":true}]}}