{"id":2494,"count":1,"description":"","link":"https:\/\/www.urfabugun.com\/index.php\/tag\/1-hafta-surecek-sanliurfa-valiligi-tarih-vererek-uyardi\/","name":"1 Hafta S\u00fcrecek: \u015eanl\u0131urfa Valili\u011fi Tarih Vererek Uyard\u0131!","slug":"1-hafta-surecek-sanliurfa-valiligi-tarih-vererek-uyardi","taxonomy":"post_tag","meta":[],"_links":{"self":[{"href":"https:\/\/www.urfabugun.com\/index.php\/wp-json\/wp\/v2\/tags\/2494","targetHints":{"allow":["GET"]}}],"collection":[{"href":"https:\/\/www.urfabugun.com\/index.php\/wp-json\/wp\/v2\/tags"}],"about":[{"href":"https:\/\/www.urfabugun.com\/index.php\/wp-json\/wp\/v2\/taxonomies\/post_tag"}],"wp:post_type":[{"href":"https:\/\/www.urfabugun.com\/index.php\/wp-json\/wp\/v2\/posts?tags=2494"},{"href":"https:\/\/www.urfabugun.com\/index.php\/wp-json\/wp\/v2\/columist?tags=2494"}],"curies":[{"name":"wp","href":"https:\/\/api.w.org\/{rel}","templated":true}]}}