{"id":2507,"count":1,"description":"","link":"https:\/\/www.urfabugun.com\/index.php\/tag\/kanli-ishal-vakalarinda-artis-havuzda-su-yutan-cocuklar-hastalaniyor\/","name":"Kanl\u0131 \u0130shal Vakalar\u0131nda Art\u0131\u015f: Havuzda Su Yutan \u00c7ocuklar Hastalan\u0131yor!","slug":"kanli-ishal-vakalarinda-artis-havuzda-su-yutan-cocuklar-hastalaniyor","taxonomy":"post_tag","meta":[],"_links":{"self":[{"href":"https:\/\/www.urfabugun.com\/index.php\/wp-json\/wp\/v2\/tags\/2507","targetHints":{"allow":["GET"]}}],"collection":[{"href":"https:\/\/www.urfabugun.com\/index.php\/wp-json\/wp\/v2\/tags"}],"about":[{"href":"https:\/\/www.urfabugun.com\/index.php\/wp-json\/wp\/v2\/taxonomies\/post_tag"}],"wp:post_type":[{"href":"https:\/\/www.urfabugun.com\/index.php\/wp-json\/wp\/v2\/posts?tags=2507"},{"href":"https:\/\/www.urfabugun.com\/index.php\/wp-json\/wp\/v2\/columist?tags=2507"}],"curies":[{"name":"wp","href":"https:\/\/api.w.org\/{rel}","templated":true}]}}