{"id":2547,"count":1,"description":"","link":"https:\/\/www.urfabugun.com\/index.php\/tag\/sosyal-medyada-gordugu-akimi-evde-denedi\/","name":"Sosyal Medyada G\u00f6rd\u00fc\u011f\u00fc Ak\u0131m\u0131 Evde Denedi","slug":"sosyal-medyada-gordugu-akimi-evde-denedi","taxonomy":"post_tag","meta":[],"_links":{"self":[{"href":"https:\/\/www.urfabugun.com\/index.php\/wp-json\/wp\/v2\/tags\/2547","targetHints":{"allow":["GET"]}}],"collection":[{"href":"https:\/\/www.urfabugun.com\/index.php\/wp-json\/wp\/v2\/tags"}],"about":[{"href":"https:\/\/www.urfabugun.com\/index.php\/wp-json\/wp\/v2\/taxonomies\/post_tag"}],"wp:post_type":[{"href":"https:\/\/www.urfabugun.com\/index.php\/wp-json\/wp\/v2\/posts?tags=2547"},{"href":"https:\/\/www.urfabugun.com\/index.php\/wp-json\/wp\/v2\/columist?tags=2547"}],"curies":[{"name":"wp","href":"https:\/\/api.w.org\/{rel}","templated":true}]}}