{"id":2580,"count":1,"description":"","link":"https:\/\/www.urfabugun.com\/index.php\/tag\/ataturk-dizisi-3-filme-donusturuldu-yayim-tarihleri-belli-oldu\/","name":"Atat\u00fcrk Dizisi 3 Filme D\u00f6n\u00fc\u015ft\u00fcr\u00fcld\u00fc! Yay\u0131m Tarihleri Belli Oldu!","slug":"ataturk-dizisi-3-filme-donusturuldu-yayim-tarihleri-belli-oldu","taxonomy":"post_tag","meta":[],"_links":{"self":[{"href":"https:\/\/www.urfabugun.com\/index.php\/wp-json\/wp\/v2\/tags\/2580","targetHints":{"allow":["GET"]}}],"collection":[{"href":"https:\/\/www.urfabugun.com\/index.php\/wp-json\/wp\/v2\/tags"}],"about":[{"href":"https:\/\/www.urfabugun.com\/index.php\/wp-json\/wp\/v2\/taxonomies\/post_tag"}],"wp:post_type":[{"href":"https:\/\/www.urfabugun.com\/index.php\/wp-json\/wp\/v2\/posts?tags=2580"},{"href":"https:\/\/www.urfabugun.com\/index.php\/wp-json\/wp\/v2\/columist?tags=2580"}],"curies":[{"name":"wp","href":"https:\/\/api.w.org\/{rel}","templated":true}]}}