{"id":2591,"count":1,"description":"","link":"https:\/\/www.urfabugun.com\/index.php\/tag\/suruculere-mujde-akaryakita-bu-kez-indirim-geliyor\/","name":"S\u00fcr\u00fcc\u00fclere M\u00fcjde: Akaryak\u0131ta Bu Kez \u0130ndirim Geliyor!","slug":"suruculere-mujde-akaryakita-bu-kez-indirim-geliyor","taxonomy":"post_tag","meta":[],"_links":{"self":[{"href":"https:\/\/www.urfabugun.com\/index.php\/wp-json\/wp\/v2\/tags\/2591","targetHints":{"allow":["GET"]}}],"collection":[{"href":"https:\/\/www.urfabugun.com\/index.php\/wp-json\/wp\/v2\/tags"}],"about":[{"href":"https:\/\/www.urfabugun.com\/index.php\/wp-json\/wp\/v2\/taxonomies\/post_tag"}],"wp:post_type":[{"href":"https:\/\/www.urfabugun.com\/index.php\/wp-json\/wp\/v2\/posts?tags=2591"},{"href":"https:\/\/www.urfabugun.com\/index.php\/wp-json\/wp\/v2\/columist?tags=2591"}],"curies":[{"name":"wp","href":"https:\/\/api.w.org\/{rel}","templated":true}]}}