{"id":2596,"count":1,"description":"","link":"https:\/\/www.urfabugun.com\/index.php\/tag\/evlenmelerine-izin-verilmeyen-iki-genc-canina-kiydi\/","name":"Evlenmelerine \u0130zin Verilmeyen \u0130ki Gen\u00e7 Can\u0131na K\u0131yd\u0131!","slug":"evlenmelerine-izin-verilmeyen-iki-genc-canina-kiydi","taxonomy":"post_tag","meta":[],"_links":{"self":[{"href":"https:\/\/www.urfabugun.com\/index.php\/wp-json\/wp\/v2\/tags\/2596","targetHints":{"allow":["GET"]}}],"collection":[{"href":"https:\/\/www.urfabugun.com\/index.php\/wp-json\/wp\/v2\/tags"}],"about":[{"href":"https:\/\/www.urfabugun.com\/index.php\/wp-json\/wp\/v2\/taxonomies\/post_tag"}],"wp:post_type":[{"href":"https:\/\/www.urfabugun.com\/index.php\/wp-json\/wp\/v2\/posts?tags=2596"},{"href":"https:\/\/www.urfabugun.com\/index.php\/wp-json\/wp\/v2\/columist?tags=2596"}],"curies":[{"name":"wp","href":"https:\/\/api.w.org\/{rel}","templated":true}]}}