{"id":2644,"count":1,"description":"","link":"https:\/\/www.urfabugun.com\/index.php\/tag\/korona-virusun-yeni-varyanti-turkiyede-goruldu-mu\/","name":"Korona Vir\u00fcs\u00fcn Yeni Varyant\u0131 T\u00fcrkiye\u2019de G\u00f6r\u00fcld\u00fc m\u00fc?","slug":"korona-virusun-yeni-varyanti-turkiyede-goruldu-mu","taxonomy":"post_tag","meta":[],"_links":{"self":[{"href":"https:\/\/www.urfabugun.com\/index.php\/wp-json\/wp\/v2\/tags\/2644","targetHints":{"allow":["GET"]}}],"collection":[{"href":"https:\/\/www.urfabugun.com\/index.php\/wp-json\/wp\/v2\/tags"}],"about":[{"href":"https:\/\/www.urfabugun.com\/index.php\/wp-json\/wp\/v2\/taxonomies\/post_tag"}],"wp:post_type":[{"href":"https:\/\/www.urfabugun.com\/index.php\/wp-json\/wp\/v2\/posts?tags=2644"},{"href":"https:\/\/www.urfabugun.com\/index.php\/wp-json\/wp\/v2\/columist?tags=2644"}],"curies":[{"name":"wp","href":"https:\/\/api.w.org\/{rel}","templated":true}]}}