{"id":2646,"count":1,"description":"","link":"https:\/\/www.urfabugun.com\/index.php\/tag\/merakla-beklenen-faiz-karari-yarin-aciklaniyor\/","name":"Merakla Beklenen Faiz Karar\u0131 Yar\u0131n A\u00e7\u0131klan\u0131yor!","slug":"merakla-beklenen-faiz-karari-yarin-aciklaniyor","taxonomy":"post_tag","meta":[],"_links":{"self":[{"href":"https:\/\/www.urfabugun.com\/index.php\/wp-json\/wp\/v2\/tags\/2646","targetHints":{"allow":["GET"]}}],"collection":[{"href":"https:\/\/www.urfabugun.com\/index.php\/wp-json\/wp\/v2\/tags"}],"about":[{"href":"https:\/\/www.urfabugun.com\/index.php\/wp-json\/wp\/v2\/taxonomies\/post_tag"}],"wp:post_type":[{"href":"https:\/\/www.urfabugun.com\/index.php\/wp-json\/wp\/v2\/posts?tags=2646"},{"href":"https:\/\/www.urfabugun.com\/index.php\/wp-json\/wp\/v2\/columist?tags=2646"}],"curies":[{"name":"wp","href":"https:\/\/api.w.org\/{rel}","templated":true}]}}