{"id":2709,"count":1,"description":"","link":"https:\/\/www.urfabugun.com\/index.php\/tag\/botastan-dogalgaz-aciklamasi-eylulde-zam-olacak-mi\/","name":"BOTA\u015e'tan Do\u011falgaz A\u00e7\u0131klamas\u0131: Eyl\u00fclde Zam Olacak M\u0131?","slug":"botastan-dogalgaz-aciklamasi-eylulde-zam-olacak-mi","taxonomy":"post_tag","meta":[],"_links":{"self":[{"href":"https:\/\/www.urfabugun.com\/index.php\/wp-json\/wp\/v2\/tags\/2709","targetHints":{"allow":["GET"]}}],"collection":[{"href":"https:\/\/www.urfabugun.com\/index.php\/wp-json\/wp\/v2\/tags"}],"about":[{"href":"https:\/\/www.urfabugun.com\/index.php\/wp-json\/wp\/v2\/taxonomies\/post_tag"}],"wp:post_type":[{"href":"https:\/\/www.urfabugun.com\/index.php\/wp-json\/wp\/v2\/posts?tags=2709"},{"href":"https:\/\/www.urfabugun.com\/index.php\/wp-json\/wp\/v2\/columist?tags=2709"}],"curies":[{"name":"wp","href":"https:\/\/api.w.org\/{rel}","templated":true}]}}