{"id":2746,"count":1,"description":"","link":"https:\/\/www.urfabugun.com\/index.php\/tag\/korona-virus-uyarisi-kis-oncesi-vaka-sayisi-firladi\/","name":"Korona Vir\u00fcs Uyar\u0131s\u0131: K\u0131\u015f \u00d6ncesi Vaka Say\u0131s\u0131 F\u0131rlad\u0131!","slug":"korona-virus-uyarisi-kis-oncesi-vaka-sayisi-firladi","taxonomy":"post_tag","meta":[],"_links":{"self":[{"href":"https:\/\/www.urfabugun.com\/index.php\/wp-json\/wp\/v2\/tags\/2746","targetHints":{"allow":["GET"]}}],"collection":[{"href":"https:\/\/www.urfabugun.com\/index.php\/wp-json\/wp\/v2\/tags"}],"about":[{"href":"https:\/\/www.urfabugun.com\/index.php\/wp-json\/wp\/v2\/taxonomies\/post_tag"}],"wp:post_type":[{"href":"https:\/\/www.urfabugun.com\/index.php\/wp-json\/wp\/v2\/posts?tags=2746"},{"href":"https:\/\/www.urfabugun.com\/index.php\/wp-json\/wp\/v2\/columist?tags=2746"}],"curies":[{"name":"wp","href":"https:\/\/api.w.org\/{rel}","templated":true}]}}