{"id":2756,"count":1,"description":"","link":"https:\/\/www.urfabugun.com\/index.php\/tag\/cumartesi-gunu-sanliurfanin-6-ilcesinde-elektrik-kesintisi-yasanacak\/","name":"Cumartesi G\u00fcn\u00fc \u015eanl\u0131urfa\u2019n\u0131n 6 \u0130l\u00e7esinde Elektrik Kesintisi Ya\u015fanacak!","slug":"cumartesi-gunu-sanliurfanin-6-ilcesinde-elektrik-kesintisi-yasanacak","taxonomy":"post_tag","meta":[],"_links":{"self":[{"href":"https:\/\/www.urfabugun.com\/index.php\/wp-json\/wp\/v2\/tags\/2756","targetHints":{"allow":["GET"]}}],"collection":[{"href":"https:\/\/www.urfabugun.com\/index.php\/wp-json\/wp\/v2\/tags"}],"about":[{"href":"https:\/\/www.urfabugun.com\/index.php\/wp-json\/wp\/v2\/taxonomies\/post_tag"}],"wp:post_type":[{"href":"https:\/\/www.urfabugun.com\/index.php\/wp-json\/wp\/v2\/posts?tags=2756"},{"href":"https:\/\/www.urfabugun.com\/index.php\/wp-json\/wp\/v2\/columist?tags=2756"}],"curies":[{"name":"wp","href":"https:\/\/api.w.org\/{rel}","templated":true}]}}