{"id":2946,"count":1,"description":"","link":"https:\/\/www.urfabugun.com\/index.php\/tag\/pence-kilit-bolgesinde-tespit-edilen-2-pkkli-terorist-etkisiz-hale-getirildi\/","name":"Pen\u00e7e-Kilit b\u00f6lgesinde tespit edilen 2 PKK'l\u0131 ter\u00f6rist etkisiz hale getirildi.","slug":"pence-kilit-bolgesinde-tespit-edilen-2-pkkli-terorist-etkisiz-hale-getirildi","taxonomy":"post_tag","meta":[],"_links":{"self":[{"href":"https:\/\/www.urfabugun.com\/index.php\/wp-json\/wp\/v2\/tags\/2946","targetHints":{"allow":["GET"]}}],"collection":[{"href":"https:\/\/www.urfabugun.com\/index.php\/wp-json\/wp\/v2\/tags"}],"about":[{"href":"https:\/\/www.urfabugun.com\/index.php\/wp-json\/wp\/v2\/taxonomies\/post_tag"}],"wp:post_type":[{"href":"https:\/\/www.urfabugun.com\/index.php\/wp-json\/wp\/v2\/posts?tags=2946"},{"href":"https:\/\/www.urfabugun.com\/index.php\/wp-json\/wp\/v2\/columist?tags=2946"}],"curies":[{"name":"wp","href":"https:\/\/api.w.org\/{rel}","templated":true}]}}