{"id":3178,"count":1,"description":"","link":"https:\/\/www.urfabugun.com\/index.php\/tag\/ataturk-karari-sonrasi-iki-takim-da-otellerinden-cikmiyor\/","name":"Atat\u00fcrk Karar\u0131 Sonras\u0131 \u0130ki Tak\u0131m Da Otellerinden \u00c7\u0131km\u0131yor!","slug":"ataturk-karari-sonrasi-iki-takim-da-otellerinden-cikmiyor","taxonomy":"post_tag","meta":[],"_links":{"self":[{"href":"https:\/\/www.urfabugun.com\/index.php\/wp-json\/wp\/v2\/tags\/3178","targetHints":{"allow":["GET"]}}],"collection":[{"href":"https:\/\/www.urfabugun.com\/index.php\/wp-json\/wp\/v2\/tags"}],"about":[{"href":"https:\/\/www.urfabugun.com\/index.php\/wp-json\/wp\/v2\/taxonomies\/post_tag"}],"wp:post_type":[{"href":"https:\/\/www.urfabugun.com\/index.php\/wp-json\/wp\/v2\/posts?tags=3178"},{"href":"https:\/\/www.urfabugun.com\/index.php\/wp-json\/wp\/v2\/columist?tags=3178"}],"curies":[{"name":"wp","href":"https:\/\/api.w.org\/{rel}","templated":true}]}}