{"id":3385,"count":1,"description":"","link":"https:\/\/www.urfabugun.com\/index.php\/tag\/trafik-cezalarinda-indirimli-odeme-suresi-15-gunden-1-aya-cikarildi\/","name":"Trafik Cezalar\u0131nda \u0130ndirimli \u00d6deme S\u00fcresi 15 G\u00fcnden 1 Aya \u00c7\u0131kar\u0131ld\u0131!","slug":"trafik-cezalarinda-indirimli-odeme-suresi-15-gunden-1-aya-cikarildi","taxonomy":"post_tag","meta":[],"_links":{"self":[{"href":"https:\/\/www.urfabugun.com\/index.php\/wp-json\/wp\/v2\/tags\/3385","targetHints":{"allow":["GET"]}}],"collection":[{"href":"https:\/\/www.urfabugun.com\/index.php\/wp-json\/wp\/v2\/tags"}],"about":[{"href":"https:\/\/www.urfabugun.com\/index.php\/wp-json\/wp\/v2\/taxonomies\/post_tag"}],"wp:post_type":[{"href":"https:\/\/www.urfabugun.com\/index.php\/wp-json\/wp\/v2\/posts?tags=3385"},{"href":"https:\/\/www.urfabugun.com\/index.php\/wp-json\/wp\/v2\/columist?tags=3385"}],"curies":[{"name":"wp","href":"https:\/\/api.w.org\/{rel}","templated":true}]}}