{"id":3514,"count":1,"description":"","link":"https:\/\/www.urfabugun.com\/index.php\/tag\/baskan-beyazgulsanliurfa-fuar-sehri-olacak\/","name":"Ba\u015fkan Beyazg\u00fcl:\u201d\u015eanl\u0131urfa Fuar \u015eehri Olacak!\u201d","slug":"baskan-beyazgulsanliurfa-fuar-sehri-olacak","taxonomy":"post_tag","meta":[],"_links":{"self":[{"href":"https:\/\/www.urfabugun.com\/index.php\/wp-json\/wp\/v2\/tags\/3514","targetHints":{"allow":["GET"]}}],"collection":[{"href":"https:\/\/www.urfabugun.com\/index.php\/wp-json\/wp\/v2\/tags"}],"about":[{"href":"https:\/\/www.urfabugun.com\/index.php\/wp-json\/wp\/v2\/taxonomies\/post_tag"}],"wp:post_type":[{"href":"https:\/\/www.urfabugun.com\/index.php\/wp-json\/wp\/v2\/posts?tags=3514"},{"href":"https:\/\/www.urfabugun.com\/index.php\/wp-json\/wp\/v2\/columist?tags=3514"}],"curies":[{"name":"wp","href":"https:\/\/api.w.org\/{rel}","templated":true}]}}