{"id":3575,"count":1,"description":"","link":"https:\/\/www.urfabugun.com\/index.php\/tag\/yerel-secimlerde-sandiklar-erisime-acildi\/","name":"Yerel Se\u00e7imlerde Sand\u0131klar Eri\u015fime A\u00e7\u0131ld\u0131!","slug":"yerel-secimlerde-sandiklar-erisime-acildi","taxonomy":"post_tag","meta":[],"_links":{"self":[{"href":"https:\/\/www.urfabugun.com\/index.php\/wp-json\/wp\/v2\/tags\/3575","targetHints":{"allow":["GET"]}}],"collection":[{"href":"https:\/\/www.urfabugun.com\/index.php\/wp-json\/wp\/v2\/tags"}],"about":[{"href":"https:\/\/www.urfabugun.com\/index.php\/wp-json\/wp\/v2\/taxonomies\/post_tag"}],"wp:post_type":[{"href":"https:\/\/www.urfabugun.com\/index.php\/wp-json\/wp\/v2\/posts?tags=3575"},{"href":"https:\/\/www.urfabugun.com\/index.php\/wp-json\/wp\/v2\/columist?tags=3575"}],"curies":[{"name":"wp","href":"https:\/\/api.w.org\/{rel}","templated":true}]}}