{"id":3628,"count":1,"description":"","link":"https:\/\/www.urfabugun.com\/index.php\/tag\/sanliurfa-buyuksehir-belediye-baskan-adayi-basinla-bulustu\/","name":"\u015eanl\u0131urfa B\u00fcy\u00fck\u015fehir Belediye Ba\u015fkan Aday\u0131 Bas\u0131nla Bulu\u015ftu!","slug":"sanliurfa-buyuksehir-belediye-baskan-adayi-basinla-bulustu","taxonomy":"post_tag","meta":[],"_links":{"self":[{"href":"https:\/\/www.urfabugun.com\/index.php\/wp-json\/wp\/v2\/tags\/3628","targetHints":{"allow":["GET"]}}],"collection":[{"href":"https:\/\/www.urfabugun.com\/index.php\/wp-json\/wp\/v2\/tags"}],"about":[{"href":"https:\/\/www.urfabugun.com\/index.php\/wp-json\/wp\/v2\/taxonomies\/post_tag"}],"wp:post_type":[{"href":"https:\/\/www.urfabugun.com\/index.php\/wp-json\/wp\/v2\/posts?tags=3628"},{"href":"https:\/\/www.urfabugun.com\/index.php\/wp-json\/wp\/v2\/columist?tags=3628"}],"curies":[{"name":"wp","href":"https:\/\/api.w.org\/{rel}","templated":true}]}}