{"id":3648,"count":1,"description":"","link":"https:\/\/www.urfabugun.com\/index.php\/tag\/eyyubiyede-yangin-panigi-ev-kullanilamaz-hale-geldi\/","name":"Eyy\u00fcbiye'de Yang\u0131n Pani\u011fi: Ev Kullan\u0131lamaz Hale Geldi!","slug":"eyyubiyede-yangin-panigi-ev-kullanilamaz-hale-geldi","taxonomy":"post_tag","meta":[],"_links":{"self":[{"href":"https:\/\/www.urfabugun.com\/index.php\/wp-json\/wp\/v2\/tags\/3648","targetHints":{"allow":["GET"]}}],"collection":[{"href":"https:\/\/www.urfabugun.com\/index.php\/wp-json\/wp\/v2\/tags"}],"about":[{"href":"https:\/\/www.urfabugun.com\/index.php\/wp-json\/wp\/v2\/taxonomies\/post_tag"}],"wp:post_type":[{"href":"https:\/\/www.urfabugun.com\/index.php\/wp-json\/wp\/v2\/posts?tags=3648"},{"href":"https:\/\/www.urfabugun.com\/index.php\/wp-json\/wp\/v2\/columist?tags=3648"}],"curies":[{"name":"wp","href":"https:\/\/api.w.org\/{rel}","templated":true}]}}