{"id":3687,"count":1,"description":"","link":"https:\/\/www.urfabugun.com\/index.php\/tag\/ek-ucak-seferleri-duzenlenecek-urfa-valisinden-super-kupa-aciklamasi\/","name":"Ek U\u00e7ak Seferleri D\u00fczenlenecek:\u00a0 Urfa Valisi\u2019nden S\u00fcper Kupa A\u00e7\u0131klamas\u0131!","slug":"ek-ucak-seferleri-duzenlenecek-urfa-valisinden-super-kupa-aciklamasi","taxonomy":"post_tag","meta":[],"_links":{"self":[{"href":"https:\/\/www.urfabugun.com\/index.php\/wp-json\/wp\/v2\/tags\/3687","targetHints":{"allow":["GET"]}}],"collection":[{"href":"https:\/\/www.urfabugun.com\/index.php\/wp-json\/wp\/v2\/tags"}],"about":[{"href":"https:\/\/www.urfabugun.com\/index.php\/wp-json\/wp\/v2\/taxonomies\/post_tag"}],"wp:post_type":[{"href":"https:\/\/www.urfabugun.com\/index.php\/wp-json\/wp\/v2\/posts?tags=3687"},{"href":"https:\/\/www.urfabugun.com\/index.php\/wp-json\/wp\/v2\/columist?tags=3687"}],"curies":[{"name":"wp","href":"https:\/\/api.w.org\/{rel}","templated":true}]}}