{"id":3691,"count":1,"description":"","link":"https:\/\/www.urfabugun.com\/index.php\/tag\/mehmet-ekincinin-secim-burosu-acilisi-mitinge-donustu\/","name":"Mehmet Ekinci'nin Se\u00e7im B\u00fcrosu A\u00e7\u0131l\u0131\u015f\u0131 Mitinge D\u00f6n\u00fc\u015ft\u00fc!","slug":"mehmet-ekincinin-secim-burosu-acilisi-mitinge-donustu","taxonomy":"post_tag","meta":[],"_links":{"self":[{"href":"https:\/\/www.urfabugun.com\/index.php\/wp-json\/wp\/v2\/tags\/3691","targetHints":{"allow":["GET"]}}],"collection":[{"href":"https:\/\/www.urfabugun.com\/index.php\/wp-json\/wp\/v2\/tags"}],"about":[{"href":"https:\/\/www.urfabugun.com\/index.php\/wp-json\/wp\/v2\/taxonomies\/post_tag"}],"wp:post_type":[{"href":"https:\/\/www.urfabugun.com\/index.php\/wp-json\/wp\/v2\/posts?tags=3691"},{"href":"https:\/\/www.urfabugun.com\/index.php\/wp-json\/wp\/v2\/columist?tags=3691"}],"curies":[{"name":"wp","href":"https:\/\/api.w.org\/{rel}","templated":true}]}}