{"id":3719,"count":1,"description":"","link":"https:\/\/www.urfabugun.com\/index.php\/tag\/osmanli-anadolu-ocaklari-derneginden-mehmet-ekinciye-tam-destek\/","name":"Osmanl\u0131 Anadolu Ocaklar\u0131 Derne\u011finden Mehmet Ekinci'ye Tam Destek!","slug":"osmanli-anadolu-ocaklari-derneginden-mehmet-ekinciye-tam-destek","taxonomy":"post_tag","meta":[],"_links":{"self":[{"href":"https:\/\/www.urfabugun.com\/index.php\/wp-json\/wp\/v2\/tags\/3719","targetHints":{"allow":["GET"]}}],"collection":[{"href":"https:\/\/www.urfabugun.com\/index.php\/wp-json\/wp\/v2\/tags"}],"about":[{"href":"https:\/\/www.urfabugun.com\/index.php\/wp-json\/wp\/v2\/taxonomies\/post_tag"}],"wp:post_type":[{"href":"https:\/\/www.urfabugun.com\/index.php\/wp-json\/wp\/v2\/posts?tags=3719"},{"href":"https:\/\/www.urfabugun.com\/index.php\/wp-json\/wp\/v2\/columist?tags=3719"}],"curies":[{"name":"wp","href":"https:\/\/api.w.org\/{rel}","templated":true}]}}