{"id":3914,"count":1,"description":"","link":"https:\/\/www.urfabugun.com\/index.php\/tag\/tarim-ve-orman-bakani-ibrahim-yumakli-baskan-beyazgule-ziyaret\/","name":"Tar\u0131m Ve Orman Bakan\u0131 \u0130brahim Yumakl\u0131 Ba\u015fkan Beyazg\u00fcl\u2019e Ziyaret!","slug":"tarim-ve-orman-bakani-ibrahim-yumakli-baskan-beyazgule-ziyaret","taxonomy":"post_tag","meta":[],"_links":{"self":[{"href":"https:\/\/www.urfabugun.com\/index.php\/wp-json\/wp\/v2\/tags\/3914","targetHints":{"allow":["GET"]}}],"collection":[{"href":"https:\/\/www.urfabugun.com\/index.php\/wp-json\/wp\/v2\/tags"}],"about":[{"href":"https:\/\/www.urfabugun.com\/index.php\/wp-json\/wp\/v2\/taxonomies\/post_tag"}],"wp:post_type":[{"href":"https:\/\/www.urfabugun.com\/index.php\/wp-json\/wp\/v2\/posts?tags=3914"},{"href":"https:\/\/www.urfabugun.com\/index.php\/wp-json\/wp\/v2\/columist?tags=3914"}],"curies":[{"name":"wp","href":"https:\/\/api.w.org\/{rel}","templated":true}]}}