{"id":4027,"count":1,"description":"","link":"https:\/\/www.urfabugun.com\/index.php\/tag\/baskan-ciftci-talimat-verdi-karakopru-belediyesi-sosyal-medya-engellerini-kaldirdi\/","name":"Ba\u015fkan \u00c7ift\u00e7i Talimat Verdi! Karak\u00f6pr\u00fc Belediyesi Sosyal Medya Engellerini Kald\u0131rd\u0131!","slug":"baskan-ciftci-talimat-verdi-karakopru-belediyesi-sosyal-medya-engellerini-kaldirdi","taxonomy":"post_tag","meta":[],"_links":{"self":[{"href":"https:\/\/www.urfabugun.com\/index.php\/wp-json\/wp\/v2\/tags\/4027","targetHints":{"allow":["GET"]}}],"collection":[{"href":"https:\/\/www.urfabugun.com\/index.php\/wp-json\/wp\/v2\/tags"}],"about":[{"href":"https:\/\/www.urfabugun.com\/index.php\/wp-json\/wp\/v2\/taxonomies\/post_tag"}],"wp:post_type":[{"href":"https:\/\/www.urfabugun.com\/index.php\/wp-json\/wp\/v2\/posts?tags=4027"},{"href":"https:\/\/www.urfabugun.com\/index.php\/wp-json\/wp\/v2\/columist?tags=4027"}],"curies":[{"name":"wp","href":"https:\/\/api.w.org\/{rel}","templated":true}]}}