{"id":4077,"count":1,"description":"","link":"https:\/\/www.urfabugun.com\/index.php\/tag\/vali-sildakdan-suruculere-bayram-uyarisi\/","name":"Vali \u015e\u0131ldak\u2019dan S\u00fcr\u00fcc\u00fclere Bayram Uyar\u0131s\u0131!","slug":"vali-sildakdan-suruculere-bayram-uyarisi","taxonomy":"post_tag","meta":[],"_links":{"self":[{"href":"https:\/\/www.urfabugun.com\/index.php\/wp-json\/wp\/v2\/tags\/4077","targetHints":{"allow":["GET"]}}],"collection":[{"href":"https:\/\/www.urfabugun.com\/index.php\/wp-json\/wp\/v2\/tags"}],"about":[{"href":"https:\/\/www.urfabugun.com\/index.php\/wp-json\/wp\/v2\/taxonomies\/post_tag"}],"wp:post_type":[{"href":"https:\/\/www.urfabugun.com\/index.php\/wp-json\/wp\/v2\/posts?tags=4077"},{"href":"https:\/\/www.urfabugun.com\/index.php\/wp-json\/wp\/v2\/columist?tags=4077"}],"curies":[{"name":"wp","href":"https:\/\/api.w.org\/{rel}","templated":true}]}}