{"id":4095,"count":1,"description":"","link":"https:\/\/www.urfabugun.com\/index.php\/tag\/bekir-bozdag-secimde-ortaya-cikan-sonucun-sorumlulari-bizleriz\/","name":"Bekir Bozda\u011f: Se\u00e7imde Ortaya \u00c7\u0131kan Sonucun Sorumlular\u0131 Bizleriz!","slug":"bekir-bozdag-secimde-ortaya-cikan-sonucun-sorumlulari-bizleriz","taxonomy":"post_tag","meta":[],"_links":{"self":[{"href":"https:\/\/www.urfabugun.com\/index.php\/wp-json\/wp\/v2\/tags\/4095","targetHints":{"allow":["GET"]}}],"collection":[{"href":"https:\/\/www.urfabugun.com\/index.php\/wp-json\/wp\/v2\/tags"}],"about":[{"href":"https:\/\/www.urfabugun.com\/index.php\/wp-json\/wp\/v2\/taxonomies\/post_tag"}],"wp:post_type":[{"href":"https:\/\/www.urfabugun.com\/index.php\/wp-json\/wp\/v2\/posts?tags=4095"},{"href":"https:\/\/www.urfabugun.com\/index.php\/wp-json\/wp\/v2\/columist?tags=4095"}],"curies":[{"name":"wp","href":"https:\/\/api.w.org\/{rel}","templated":true}]}}