{"id":4125,"count":1,"description":"","link":"https:\/\/www.urfabugun.com\/index.php\/tag\/beypazari-maden-suyu-isvicrede-yasaklandi-iste-gerekcesi\/","name":"Beypazar\u0131 Maden Suyu \u0130svi\u00e7re\u2019de Yasakland\u0131! \u0130\u015fte Gerek\u00e7esi!","slug":"beypazari-maden-suyu-isvicrede-yasaklandi-iste-gerekcesi","taxonomy":"post_tag","meta":[],"_links":{"self":[{"href":"https:\/\/www.urfabugun.com\/index.php\/wp-json\/wp\/v2\/tags\/4125","targetHints":{"allow":["GET"]}}],"collection":[{"href":"https:\/\/www.urfabugun.com\/index.php\/wp-json\/wp\/v2\/tags"}],"about":[{"href":"https:\/\/www.urfabugun.com\/index.php\/wp-json\/wp\/v2\/taxonomies\/post_tag"}],"wp:post_type":[{"href":"https:\/\/www.urfabugun.com\/index.php\/wp-json\/wp\/v2\/posts?tags=4125"},{"href":"https:\/\/www.urfabugun.com\/index.php\/wp-json\/wp\/v2\/columist?tags=4125"}],"curies":[{"name":"wp","href":"https:\/\/api.w.org\/{rel}","templated":true}]}}